{"id":52601,"date":"2025-12-18T10:45:09","date_gmt":"2025-12-18T10:45:09","guid":{"rendered":"https:\/\/247stiri.ro\/index.php\/2025\/12\/18\/presedintele-nicusor-dan-ignora-scandalul-coalitia-functioneaza-desi-ar-putea-fi-mai-putin-zgomotoasa\/"},"modified":"2025-12-18T10:45:09","modified_gmt":"2025-12-18T10:45:09","slug":"presedintele-nicusor-dan-ignora-scandalul-coalitia-functioneaza-desi-ar-putea-fi-mai-putin-zgomotoasa","status":"publish","type":"post","link":"https:\/\/247stiri.ro\/index.php\/2025\/12\/18\/presedintele-nicusor-dan-ignora-scandalul-coalitia-functioneaza-desi-ar-putea-fi-mai-putin-zgomotoasa\/","title":{"rendered":"Pre\u0219edintele Nicu\u0219or Dan ignor\u0103 scandalul: Coali\u021bia func\u021bioneaz\u0103, de\u0219i ar putea fi mai pu\u021bin zgomotoas\u0103"},"content":{"rendered":"<p>\u201eNu este blocat totul. A\u021bi avut un acord, nu discut con\u021binutul pe impozitul de cifr\u0103 de afaceri, pe salariul minim. Aceast\u0103 coali\u021bie, a\u0219a cum func\u021bioneaz\u0103, func\u021bioneaz\u0103 \u00een plan administrativ-legislativ. Bine\u00een\u021beles c\u0103 ar putea s\u0103 fie mai pu\u021bin zgomotoas\u0103 \u00een atacurile \u00eentre p\u0103r\u021bi, dar ea func\u021bioneaz\u0103.\u201d, a declarat Nicu\u0219or Dan.<\/p>\n<p>Scandalul recent din coali\u021bia de guvernare din Rom\u00e2nia implic\u0103 un vot al PSD al\u0103turi de opozi\u021bia reprezentat\u0103 de AUR \u00eempotriva ministrului Mediului, Diana Buzoianu (USR), ceea ce a provocat reac\u021bii aprinse din partea PNL. \u0218edin\u021ba coali\u021biei de ieri a fost am\u00e2nat\u0103 pentru ora 15.00 \u00een contextul acestui episod, iar liderii partidelor se acuz\u0103 reciproc de \u00eenc\u0103lcarea protocolului.\u200b<\/p>\n<p>PSD a votat mo\u021biunea simpl\u0103 depus\u0103 de AUR \u00eempotriva Dianei Buzoianu, motiv\u00e2nd \u201emanagementul catastrofal\u201d de la Ministerul Mediului, dup\u0103 probleme majore cu apa \u00een Prahova. Sorin Grindeanu, lider PSD, a anun\u021bat decizia \u00een avans premierului, sus\u021bin\u00e2nd c\u0103 este un semnal \u00eempotriva ineficien\u021bei, independent de apartenen\u021ba la coali\u021bie. Ministrul Buzoianu a refuzat s\u0103 demisioneze, numind mo\u021biunea \u201ebambilici\u201d.\u200b<\/p>\n<p>PNL, prin vocea Raluc\u0103i Turcan, a acuzat PSD de \u00eenc\u0103lcarea acordului coali\u021biei, care interzice sus\u021binerea mo\u021biunilor \u00eempotriva propriului guvern. PNL consider\u0103 gestul anormal \u0219i o sus\u021binere f\u0103\u021bi\u0219\u0103 a opozi\u021biei, ceea ce tensioneaz\u0103 rela\u021biile \u00een coali\u021bie.<\/p>","protected":false},"excerpt":{"rendered":"<p>\u201eNu este blocat totul. A\u021bi avut un acord, nu discut con\u021binutul pe impozitul de cifr\u0103&hellip;<\/p>\n","protected":false},"author":0,"featured_media":52593,"comment_status":"open","ping_status":"open","sticky":false,"template":"","format":"standard","meta":{"footnotes":""},"categories":[2],"tags":[],"class_list":["post-52601","post","type-post","status-publish","format-standard","has-post-thumbnail","hentry","category-actual"],"_links":{"self":[{"href":"https:\/\/247stiri.ro\/index.php\/wp-json\/wp\/v2\/posts\/52601","targetHints":{"allow":["GET"]}}],"collection":[{"href":"https:\/\/247stiri.ro\/index.php\/wp-json\/wp\/v2\/posts"}],"about":[{"href":"https:\/\/247stiri.ro\/index.php\/wp-json\/wp\/v2\/types\/post"}],"replies":[{"embeddable":true,"href":"https:\/\/247stiri.ro\/index.php\/wp-json\/wp\/v2\/comments?post=52601"}],"version-history":[{"count":0,"href":"https:\/\/247stiri.ro\/index.php\/wp-json\/wp\/v2\/posts\/52601\/revisions"}],"wp:featuredmedia":[{"embeddable":true,"href":"https:\/\/247stiri.ro\/index.php\/wp-json\/wp\/v2\/media\/52593"}],"wp:attachment":[{"href":"https:\/\/247stiri.ro\/index.php\/wp-json\/wp\/v2\/media?parent=52601"}],"wp:term":[{"taxonomy":"category","embeddable":true,"href":"https:\/\/247stiri.ro\/index.php\/wp-json\/wp\/v2\/categories?post=52601"},{"taxonomy":"post_tag","embeddable":true,"href":"https:\/\/247stiri.ro\/index.php\/wp-json\/wp\/v2\/tags?post=52601"}],"curies":[{"name":"wp","href":"https:\/\/api.w.org\/{rel}","templated":true}]}}