{"id":52602,"date":"2025-12-18T10:45:09","date_gmt":"2025-12-18T10:45:09","guid":{"rendered":"https:\/\/247stiri.ro\/index.php\/2025\/12\/18\/ministrul-muncii-cere-regandirea-inghetarii-alocatiilor-impact-bugetar-mare-dar-nu-de-aici-trebuie-sa-incepem\/"},"modified":"2025-12-18T10:45:09","modified_gmt":"2025-12-18T10:45:09","slug":"ministrul-muncii-cere-regandirea-inghetarii-alocatiilor-impact-bugetar-mare-dar-nu-de-aici-trebuie-sa-incepem","status":"publish","type":"post","link":"https:\/\/247stiri.ro\/index.php\/2025\/12\/18\/ministrul-muncii-cere-regandirea-inghetarii-alocatiilor-impact-bugetar-mare-dar-nu-de-aici-trebuie-sa-incepem\/","title":{"rendered":"Ministrul Muncii cere reg\u00e2ndirea \u00eenghe\u021b\u0103rii aloca\u021biilor: \u201eImpact bugetar mare, dar nu de aici trebuie s\u0103 \u00eencepem\u201d"},"content":{"rendered":"<p>Oficialul a subliniat c\u0103 Rom\u00e2nia se confrunt\u0103 cu probleme statistice grave legate de s\u0103r\u0103cia \u00een r\u00e2ndul copiilor, iar transferurile directe reprezint\u0103 un mecanism eficient pentru atenuarea problemelor sociale, conform politicilor publice globale.\u200b<\/p>\n<p>\u201eAst\u0103zi, c\u00e2nd vorbim, sunt \u00eenghe\u0163ate, conform pachetului 1 al guvernului Bolojan. Opinia mea este c\u0103 ar trebui s\u0103 reg\u00e2ndim tema aloca\u0163iilor, pentru c\u0103 este vorba de copii \u015fi, \u00een Rom\u00e2nia, avem probleme, statistic, legate de s\u0103r\u0103cia \u00een r\u00e2ndul copiilor \u015fi \u015ftim din politicile publice la nivel global c\u0103 un mecanism de a atenua problemele sociale sunt aceste transferuri directe. Deci ar trebui s\u0103 reg\u00e2ndim, cred, aceast\u0103 m\u0103sur\u0103 luat\u0103 la \u00eenceputul guvern\u0103rii\u201d, a spus Florin Manole.<\/p>\n<p>Manole a apreciat c\u0103 o indexare a aloca\u021biilor de la 1 ianuarie 2026 ar fi \u201eo idee bun\u0103 \u0219i cu argumente\u201d, de\u0219i impactul bugetar ar fi semnificativ \u00een contextul dificult\u0103\u021bilor financiare actuale.<\/p>\n<p>El a insistat c\u0103 economiile bugetare nu ar trebui s\u0103 \u00eenceap\u0103 tocmai de la aloca\u021biile destinate copiilor, subliniind necesitatea unei reanaliz\u0103ri a m\u0103surii luate la \u00eenceputul guvern\u0103rii. Declara\u021biile vin dup\u0103 ce aloca\u021biile au fost men\u021binute la nivelul din noiembrie 2024 prin ordonan\u021ba de austeritate adoptat\u0103 \u00een 2025.<\/p>\n<p>\u201eImpactul bugetar e mare pentru c\u0103, \u00een primul r\u00e2nd, avem probleme cu bugetul \u015fi c\u0103 trebuie s\u0103 facem economie, dar opinia mea este c\u0103 economiile nu trebuie s\u0103 \u00eenceap\u0103 de acolo, de la aloca\u0163iile pentru copii\u201d, a mai spus Manole.<\/p>","protected":false},"excerpt":{"rendered":"<p>Oficialul a subliniat c\u0103 Rom\u00e2nia se confrunt\u0103 cu probleme statistice grave legate de s\u0103r\u0103cia \u00een&hellip;<\/p>\n","protected":false},"author":0,"featured_media":52595,"comment_status":"open","ping_status":"open","sticky":false,"template":"","format":"standard","meta":{"footnotes":""},"categories":[2],"tags":[],"class_list":["post-52602","post","type-post","status-publish","format-standard","has-post-thumbnail","hentry","category-actual"],"_links":{"self":[{"href":"https:\/\/247stiri.ro\/index.php\/wp-json\/wp\/v2\/posts\/52602","targetHints":{"allow":["GET"]}}],"collection":[{"href":"https:\/\/247stiri.ro\/index.php\/wp-json\/wp\/v2\/posts"}],"about":[{"href":"https:\/\/247stiri.ro\/index.php\/wp-json\/wp\/v2\/types\/post"}],"replies":[{"embeddable":true,"href":"https:\/\/247stiri.ro\/index.php\/wp-json\/wp\/v2\/comments?post=52602"}],"version-history":[{"count":0,"href":"https:\/\/247stiri.ro\/index.php\/wp-json\/wp\/v2\/posts\/52602\/revisions"}],"wp:featuredmedia":[{"embeddable":true,"href":"https:\/\/247stiri.ro\/index.php\/wp-json\/wp\/v2\/media\/52595"}],"wp:attachment":[{"href":"https:\/\/247stiri.ro\/index.php\/wp-json\/wp\/v2\/media?parent=52602"}],"wp:term":[{"taxonomy":"category","embeddable":true,"href":"https:\/\/247stiri.ro\/index.php\/wp-json\/wp\/v2\/categories?post=52602"},{"taxonomy":"post_tag","embeddable":true,"href":"https:\/\/247stiri.ro\/index.php\/wp-json\/wp\/v2\/tags?post=52602"}],"curies":[{"name":"wp","href":"https:\/\/api.w.org\/{rel}","templated":true}]}}