{"id":52605,"date":"2025-12-18T10:45:10","date_gmt":"2025-12-18T10:45:10","guid":{"rendered":"https:\/\/247stiri.ro\/index.php\/2025\/12\/18\/ministrul-muncii-nu-vrea-reducerea-ajutorului-de-somaj-nu-este-o-forma-de-lene\/"},"modified":"2025-12-18T10:45:10","modified_gmt":"2025-12-18T10:45:10","slug":"ministrul-muncii-nu-vrea-reducerea-ajutorului-de-somaj-nu-este-o-forma-de-lene","status":"publish","type":"post","link":"https:\/\/247stiri.ro\/index.php\/2025\/12\/18\/ministrul-muncii-nu-vrea-reducerea-ajutorului-de-somaj-nu-este-o-forma-de-lene\/","title":{"rendered":"Ministrul Muncii nu vrea reducerea ajutorului de \u0219omaj: \u201eNu este o form\u0103 de lene\u201d"},"content":{"rendered":"<p>Ministrul Muncii, Florin Manole, a clarificat pozi\u021bia institu\u021biei sale fa\u021b\u0103 de declara\u021biile recente ale premierului Ilie Bolojan, care sugera reducerea ajutoarelor de \u0219omaj pentru a descuraja \u201enemunca\u201d. De\u0219i a confirmat existen\u021ba unor discu\u021bii directe cu \u0219eful Executivului, Manole a subliniat c\u0103 punctele lor de vedere sunt fundamental diferite \u0219i c\u0103, \u00een prezent, nu exist\u0103 un proiect de lege \u00een acest sens.<\/p>\n<p>Argumentul central al ministrului se bazeaz\u0103 pe natura juridic\u0103 a \u0219omajului: acesta nu este un beneficiu social universal, ci un drept rezultat din contribu\u021biile anterioare. Manole a explicat c\u0103 legisla\u021bia actual\u0103 condi\u021bioneaz\u0103 primirea acestui ajutor de existen\u021ba unui stagiu de cotizare, ceea ce \u00eenseamn\u0103 c\u0103 banii ajung exclusiv la cei care au muncit \u0219i au sus\u021binut sistemul, nu la persoanele care refuz\u0103 activitatea profesional\u0103.<\/p>\n<p>Referitor la impactul economic asupra beneficiarilor, ministrul a ar\u0103tat c\u0103 valoarea actual\u0103 a \u0219omajului &#8211; adesea reprezent\u00e2nd doar 15-20% dintr-un salariu mediu &#8211; este mult prea mic\u0103 pentru a asigura un standard de via\u021b\u0103 decent. \u00cen opinia sa, \u201ecele c\u00e2teva sute de lei\u201d nu pot constitui o motiva\u021bie real\u0103 pentru a alege inactivitatea \u00een detrimentul unui loc de munc\u0103.<\/p>\n<p>\u00cen final, Florin Manole a punctat dimensiunea uman\u0103 a acestei situa\u021bii, definind \u0219omajul nu ca pe o \u201eform\u0103 de lene\u201d, ci ca pe un \u201emoment dificil\u201d \u0219i nedorit. Ministrul a concluzionat c\u0103 pierderea locului de munc\u0103 este un eveniment stresant pentru orice cet\u0103\u021bean, iar sprijinul statului este o form\u0103 de solidaritate legitim\u0103 fa\u021b\u0103 de cei care au contribuit la bugetul public.<\/p>","protected":false},"excerpt":{"rendered":"<p>Ministrul Muncii, Florin Manole, a clarificat pozi\u021bia institu\u021biei sale fa\u021b\u0103 de declara\u021biile recente ale premierului&hellip;<\/p>\n","protected":false},"author":0,"featured_media":52606,"comment_status":"open","ping_status":"open","sticky":false,"template":"","format":"standard","meta":{"footnotes":""},"categories":[2],"tags":[],"class_list":["post-52605","post","type-post","status-publish","format-standard","has-post-thumbnail","hentry","category-actual"],"_links":{"self":[{"href":"https:\/\/247stiri.ro\/index.php\/wp-json\/wp\/v2\/posts\/52605","targetHints":{"allow":["GET"]}}],"collection":[{"href":"https:\/\/247stiri.ro\/index.php\/wp-json\/wp\/v2\/posts"}],"about":[{"href":"https:\/\/247stiri.ro\/index.php\/wp-json\/wp\/v2\/types\/post"}],"replies":[{"embeddable":true,"href":"https:\/\/247stiri.ro\/index.php\/wp-json\/wp\/v2\/comments?post=52605"}],"version-history":[{"count":0,"href":"https:\/\/247stiri.ro\/index.php\/wp-json\/wp\/v2\/posts\/52605\/revisions"}],"wp:featuredmedia":[{"embeddable":true,"href":"https:\/\/247stiri.ro\/index.php\/wp-json\/wp\/v2\/media\/52606"}],"wp:attachment":[{"href":"https:\/\/247stiri.ro\/index.php\/wp-json\/wp\/v2\/media?parent=52605"}],"wp:term":[{"taxonomy":"category","embeddable":true,"href":"https:\/\/247stiri.ro\/index.php\/wp-json\/wp\/v2\/categories?post=52605"},{"taxonomy":"post_tag","embeddable":true,"href":"https:\/\/247stiri.ro\/index.php\/wp-json\/wp\/v2\/tags?post=52605"}],"curies":[{"name":"wp","href":"https:\/\/api.w.org\/{rel}","templated":true}]}}