{"id":52669,"date":"2025-12-18T13:44:56","date_gmt":"2025-12-18T13:44:56","guid":{"rendered":"https:\/\/247stiri.ro\/index.php\/2025\/12\/18\/florin-mitroi-presedintele-pnl-al-consiliului-judetean-constanta-si-a-dat-demisia-e-o-dezamagire-profunda\/"},"modified":"2025-12-18T13:44:56","modified_gmt":"2025-12-18T13:44:56","slug":"florin-mitroi-presedintele-pnl-al-consiliului-judetean-constanta-si-a-dat-demisia-e-o-dezamagire-profunda","status":"publish","type":"post","link":"https:\/\/247stiri.ro\/index.php\/2025\/12\/18\/florin-mitroi-presedintele-pnl-al-consiliului-judetean-constanta-si-a-dat-demisia-e-o-dezamagire-profunda\/","title":{"rendered":"Florin Mitroi, pre\u0219edintele PNL al Consiliului Jude\u021bean Constan\u021ba, \u0219i-a dat demisia: \u201eE o dezam\u0103gire profund\u0103\u201d"},"content":{"rendered":"<p>Florin Mitroi a anun\u021bat oficial joi, 18 decembrie, renun\u021barea la func\u021bia de pre\u0219edinte al Consiliului Jude\u021bean Constan\u021ba, invoc\u00e2nd o \u201edezam\u0103gire profund\u0103\u201d fa\u021b\u0103 de blocajele politice \u0219i lipsa de sprijin institu\u021bional.<\/p>\n<p>\u00centr-un mesaj public, acesta a explicat c\u0103 decizia, de\u0219i dificil\u0103, a fost luat\u0103 din respect pentru cet\u0103\u021beni, consider\u00e2nd c\u0103 demnitatea personal\u0103 este mai important\u0103 dec\u00e2t p\u0103strarea unei func\u021bii \u00een care se simte limitat \u0219i \u00eengr\u0103dit.<\/p>\n<p>Motivele demisiei: \u201eSunt interese m\u0103runte \u0219i indiferen\u021b\u0103\u201d<\/p>\n<p>Fostul pre\u0219edinte al CJ Constan\u021ba a lansat critici dure la adresa clasei politice locale, declar\u00e2ndu-se \u201esiderat\u201d de eforturile unora de a men\u021bine jude\u021bul \u00eentr-o stare de subdezvoltare pentru a servi interese obscure. Mitroi a subliniat c\u0103 s-a aflat \u00een fa\u021ba unei dileme morale. Prima op\u021biune. S\u0103 r\u0103m\u00e2n\u0103 \u00een func\u021bie p\u00e2n\u0103 la finalul mandatului, risc\u00e2nd s\u0103 dezam\u0103geasc\u0103 popula\u021bia prin lipsa de rezultate concrete cauzat\u0103 de presiunile externe. A doua op\u021biune. S\u0103 demisioneze pentru a-\u0219i p\u0103stra onoarea \u0219i pentru a c\u0103uta alte c\u0103i de a sprijini comunitatea, \u00een afara unui sistem pe care \u00eel consider\u0103 ostil investi\u021biilor.<\/p>\n<p>Bilan\u021bul unui mandat scurt, dar tensionat<\/p>\n<p>Pe parcursul activit\u0103\u021bii sale, Florin Mitroi sus\u021bine c\u0103 a \u00eencercat s\u0103 impun\u0103 transparen\u021ba institu\u021bional\u0103 \u0219i a luat decizii radicale, precum anularea unor contracte pe care le-a considerat incorecte. De\u0219i pleac\u0103 din fruntea jude\u021bului, el a precizat c\u0103 acest gest nu reprezint\u0103 o capitulare, ci o form\u0103 de protest fa\u021b\u0103 de un mod de a face administra\u021bie bazat pe indiferen\u021b\u0103 \u0219i conservarea privilegiilor.<\/p>\n<p>\u00cen finalul mesajului s\u0103u, Mitroi \u0219i-a exprimat recuno\u0219tin\u021ba fa\u021b\u0103 de colaboratori \u0219i pres\u0103, transmi\u021b\u00e2nd speran\u021ba c\u0103 viitoarea conducere a Consiliului Jude\u021bean va avea puterea de a continua proiectele demarate. El a reafirmat angajamentul s\u0103u de a r\u0103m\u00e2ne implicat \u00een dezvoltarea jude\u021bului Constan\u021ba, chiar \u0219i f\u0103r\u0103 a mai de\u021bine o func\u021bie oficial\u0103 \u00een cadrul institu\u021biei.<\/p>","protected":false},"excerpt":{"rendered":"<p>Florin Mitroi a anun\u021bat oficial joi, 18 decembrie, renun\u021barea la func\u021bia de pre\u0219edinte al Consiliului&hellip;<\/p>\n","protected":false},"author":0,"featured_media":52661,"comment_status":"open","ping_status":"open","sticky":false,"template":"","format":"standard","meta":{"footnotes":""},"categories":[2],"tags":[],"class_list":["post-52669","post","type-post","status-publish","format-standard","has-post-thumbnail","hentry","category-actual"],"_links":{"self":[{"href":"https:\/\/247stiri.ro\/index.php\/wp-json\/wp\/v2\/posts\/52669","targetHints":{"allow":["GET"]}}],"collection":[{"href":"https:\/\/247stiri.ro\/index.php\/wp-json\/wp\/v2\/posts"}],"about":[{"href":"https:\/\/247stiri.ro\/index.php\/wp-json\/wp\/v2\/types\/post"}],"replies":[{"embeddable":true,"href":"https:\/\/247stiri.ro\/index.php\/wp-json\/wp\/v2\/comments?post=52669"}],"version-history":[{"count":0,"href":"https:\/\/247stiri.ro\/index.php\/wp-json\/wp\/v2\/posts\/52669\/revisions"}],"wp:featuredmedia":[{"embeddable":true,"href":"https:\/\/247stiri.ro\/index.php\/wp-json\/wp\/v2\/media\/52661"}],"wp:attachment":[{"href":"https:\/\/247stiri.ro\/index.php\/wp-json\/wp\/v2\/media?parent=52669"}],"wp:term":[{"taxonomy":"category","embeddable":true,"href":"https:\/\/247stiri.ro\/index.php\/wp-json\/wp\/v2\/categories?post=52669"},{"taxonomy":"post_tag","embeddable":true,"href":"https:\/\/247stiri.ro\/index.php\/wp-json\/wp\/v2\/tags?post=52669"}],"curies":[{"name":"wp","href":"https:\/\/api.w.org\/{rel}","templated":true}]}}