{"id":52693,"date":"2025-12-18T14:44:56","date_gmt":"2025-12-18T14:44:56","guid":{"rendered":"https:\/\/247stiri.ro\/index.php\/2025\/12\/18\/mare-atentie-soferi-circulatia-pe-podul-prieteniei-a-fost-reluata-pe-ambele-sensuri-pe-perioada-sarbatorilor-de-iarna\/"},"modified":"2025-12-18T14:44:56","modified_gmt":"2025-12-18T14:44:56","slug":"mare-atentie-soferi-circulatia-pe-podul-prieteniei-a-fost-reluata-pe-ambele-sensuri-pe-perioada-sarbatorilor-de-iarna","status":"publish","type":"post","link":"https:\/\/247stiri.ro\/index.php\/2025\/12\/18\/mare-atentie-soferi-circulatia-pe-podul-prieteniei-a-fost-reluata-pe-ambele-sensuri-pe-perioada-sarbatorilor-de-iarna\/","title":{"rendered":"Mare aten\u021bie, \u0219oferi! Circula\u021bia pe Podul Prieteniei a fost reluat\u0103 pe ambele sensuri, pe perioada s\u0103rb\u0103torilor de iarn\u0103"},"content":{"rendered":"<p>\u201dInspectoratul Teritorial al Poli\u021biei de Frontier\u0103 Giurgiu informeaz\u0103 participan\u021bii la trafic c\u0103, \u00eencep\u00e2nd de ast\u0103zi, 18 decembrie, circula\u021bia pe <a href=\"https:\/\/www.realitatea.net\/stiri\/actual\/circulatia-pe-podul-prieteniei-se-reia-din-18-decembrie-pe-ambele-sensuri-prefectura-giurgiu-a-facut-anuntul_693b059d379aa3002f2d99a2\" target=\"_blank\">Podul Prieteniei<\/a> a fost redeschis\u0103 \u0219i se circul\u0103 normal pe ambele sensuri de mers.<\/p>\n<p>Potrivit comunic\u0103rii transmise de autorit\u0103\u021bile de frontier\u0103 bulgare, traficul rutier pe Podul Prieteniei Giurgiu &#8211; Ruse a fost reluat \u00een ambele sensuri, inclusiv pe tronsonul aflat \u00een prezent \u00een repara\u021bii, \u00een direc\u021bia c\u0103tre Rom\u00e2nia.<\/p>\n<p>Aceast\u0103 m\u0103sur\u0103 este valabil\u0103 p\u00e2n\u0103 la data de 8 ianuarie 2026, perioad\u0103 \u00een care lucr\u0103rile vor fi suspendate, pentru a permite tranzitul fluent \u0219i \u00een condi\u021bii de siguran\u021b\u0103, \u00een contextul s\u0103rb\u0103torilor de iarn\u0103\u201d, a declarat purt\u0103toarea de cuv\u00e2nt a ITPF Giurgiu, Livia Filimon.<\/p>\n<p>P\u00e2n\u0103 ast\u0103zi, circula\u021bia pe Podul Prieteniei a fost dirijat\u0103 alternativ, cu semafor, din cauza lucr\u0103rilor de reabilitare desf\u0103\u0219urate de partea bulgar\u0103.<\/p>\n<p>Autorit\u0103\u021bile spun c\u0103 lucr\u0103rile vor fi reluate, \u00eencep\u00e2nd cu 8 ianuarie 2026, pe sensul de mers c\u0103tre Bulgaria.\u00a0<\/p>","protected":false},"excerpt":{"rendered":"<p>\u201dInspectoratul Teritorial al Poli\u021biei de Frontier\u0103 Giurgiu informeaz\u0103 participan\u021bii la trafic c\u0103, \u00eencep\u00e2nd de ast\u0103zi,&hellip;<\/p>\n","protected":false},"author":0,"featured_media":52694,"comment_status":"open","ping_status":"open","sticky":false,"template":"","format":"standard","meta":{"footnotes":""},"categories":[2],"tags":[],"class_list":["post-52693","post","type-post","status-publish","format-standard","has-post-thumbnail","hentry","category-actual"],"_links":{"self":[{"href":"https:\/\/247stiri.ro\/index.php\/wp-json\/wp\/v2\/posts\/52693","targetHints":{"allow":["GET"]}}],"collection":[{"href":"https:\/\/247stiri.ro\/index.php\/wp-json\/wp\/v2\/posts"}],"about":[{"href":"https:\/\/247stiri.ro\/index.php\/wp-json\/wp\/v2\/types\/post"}],"replies":[{"embeddable":true,"href":"https:\/\/247stiri.ro\/index.php\/wp-json\/wp\/v2\/comments?post=52693"}],"version-history":[{"count":0,"href":"https:\/\/247stiri.ro\/index.php\/wp-json\/wp\/v2\/posts\/52693\/revisions"}],"wp:featuredmedia":[{"embeddable":true,"href":"https:\/\/247stiri.ro\/index.php\/wp-json\/wp\/v2\/media\/52694"}],"wp:attachment":[{"href":"https:\/\/247stiri.ro\/index.php\/wp-json\/wp\/v2\/media?parent=52693"}],"wp:term":[{"taxonomy":"category","embeddable":true,"href":"https:\/\/247stiri.ro\/index.php\/wp-json\/wp\/v2\/categories?post=52693"},{"taxonomy":"post_tag","embeddable":true,"href":"https:\/\/247stiri.ro\/index.php\/wp-json\/wp\/v2\/tags?post=52693"}],"curies":[{"name":"wp","href":"https:\/\/api.w.org\/{rel}","templated":true}]}}