{"id":52702,"date":"2025-12-18T15:45:21","date_gmt":"2025-12-18T15:45:21","guid":{"rendered":"https:\/\/247stiri.ro\/index.php\/2025\/12\/18\/doliu-in-lumea-sportiva-judo-ul-romanesc-pierde-un-antrenor-de-referinta\/"},"modified":"2025-12-18T15:45:21","modified_gmt":"2025-12-18T15:45:21","slug":"doliu-in-lumea-sportiva-judo-ul-romanesc-pierde-un-antrenor-de-referinta","status":"publish","type":"post","link":"https:\/\/247stiri.ro\/index.php\/2025\/12\/18\/doliu-in-lumea-sportiva-judo-ul-romanesc-pierde-un-antrenor-de-referinta\/","title":{"rendered":"Doliu \u00een lumea sportiv\u0103! Judo-ul rom\u00e2nesc pierde un antrenor de referin\u021b\u0103"},"content":{"rendered":"<p>Federa\u021bia Rom\u00e2n\u0103 de Judo a transmis un mesaj de condolean\u021be, exprim\u00e2ndu-\u0219i profunda triste\u021be fa\u021b\u0103 de pierderea unei personalit\u0103\u021bi care \u0219i-a dedicat \u00eentreaga via\u021b\u0103 acestui sport.<\/p>\n<p>\u00a0Judo-ul rom\u00e2nesc, \u00een doliu<\/p>\n<p><a href=\"https:\/\/www.realitatea.net\/stiri\/actual\/doliu-in-televiziune-o-prezentatoare-si-sotul-ei-gasiti-fara-viata-in-propria-locuinta-copilul-lor-de-3-ani-a-fost-descoperit-nevatamat_69431edcd4587c21f062db54\" target=\"_blank\">De-a lungul carierei sale,<\/a> Grigore Gheorghe a fost mai mult dec\u00e2t un antrenor: a fost un mentor \u0219i un formator de caractere. Sub \u00eendrumarea sa, numero\u0219i sportivi au ob\u021binut rezultate remarcabile, urc\u00e2nd pe podiumurile competi\u021biilor na\u021bionale \u0219i interna\u021bionale. Mul\u021bi dintre ace\u0219tia au devenit campioni \u0219i repere pentru noile genera\u021bii de judoka.<\/p>\n<p>Prin profesionalismul, pasiunea \u0219i devotamentul s\u0103u fa\u021b\u0103 de tatami, Grigore Gheorghe a contribuit decisiv la dezvoltarea judo-ului rom\u00e2nesc, l\u0103s\u00e2nd \u00een urm\u0103 o mo\u0219tenire solid\u0103 \u0219i respectat\u0103. Influen\u021ba sa se reg\u0103se\u0219te nu doar \u00een performan\u021bele sportivilor pe care i-a preg\u0103tit, ci \u0219i \u00een valorile pe care le-a insuflat acestora.<\/p>\n<p>Federa\u021bia Rom\u00e2n\u0103 de Judo, al\u0103turi de \u00eentreaga comunitate sportiv\u0103, <a href=\"https:\/\/www.realitatea.net\/stiri\/extern\/doliu-in-lumea-influencerilor-cristina-a-murit-in-urma-unui-accident-violent_6942da75ff34a15e474bd162\" target=\"_blank\">este solidar\u0103 cu familia \u00eendoliat\u0103,<\/a> cu apropia\u021bii \u0219i cu to\u021bi cei care l-au cunoscut \u0219i apreciat.<\/p>","protected":false},"excerpt":{"rendered":"<p>Federa\u021bia Rom\u00e2n\u0103 de Judo a transmis un mesaj de condolean\u021be, exprim\u00e2ndu-\u0219i profunda triste\u021be fa\u021b\u0103 de&hellip;<\/p>\n","protected":false},"author":0,"featured_media":52703,"comment_status":"open","ping_status":"open","sticky":false,"template":"","format":"standard","meta":{"footnotes":""},"categories":[5],"tags":[],"class_list":["post-52702","post","type-post","status-publish","format-standard","has-post-thumbnail","hentry","category-sport"],"_links":{"self":[{"href":"https:\/\/247stiri.ro\/index.php\/wp-json\/wp\/v2\/posts\/52702","targetHints":{"allow":["GET"]}}],"collection":[{"href":"https:\/\/247stiri.ro\/index.php\/wp-json\/wp\/v2\/posts"}],"about":[{"href":"https:\/\/247stiri.ro\/index.php\/wp-json\/wp\/v2\/types\/post"}],"replies":[{"embeddable":true,"href":"https:\/\/247stiri.ro\/index.php\/wp-json\/wp\/v2\/comments?post=52702"}],"version-history":[{"count":0,"href":"https:\/\/247stiri.ro\/index.php\/wp-json\/wp\/v2\/posts\/52702\/revisions"}],"wp:featuredmedia":[{"embeddable":true,"href":"https:\/\/247stiri.ro\/index.php\/wp-json\/wp\/v2\/media\/52703"}],"wp:attachment":[{"href":"https:\/\/247stiri.ro\/index.php\/wp-json\/wp\/v2\/media?parent=52702"}],"wp:term":[{"taxonomy":"category","embeddable":true,"href":"https:\/\/247stiri.ro\/index.php\/wp-json\/wp\/v2\/categories?post=52702"},{"taxonomy":"post_tag","embeddable":true,"href":"https:\/\/247stiri.ro\/index.php\/wp-json\/wp\/v2\/tags?post=52702"}],"curies":[{"name":"wp","href":"https:\/\/api.w.org\/{rel}","templated":true}]}}