{"id":52726,"date":"2025-12-18T17:44:48","date_gmt":"2025-12-18T17:44:48","guid":{"rendered":"https:\/\/247stiri.ro\/index.php\/2025\/12\/18\/noi-proteste-de-amploare-la-sofia-centrul-orasului-blocat-de-manifestanti-antiguvernamentali-video\/"},"modified":"2025-12-18T17:44:48","modified_gmt":"2025-12-18T17:44:48","slug":"noi-proteste-de-amploare-la-sofia-centrul-orasului-blocat-de-manifestanti-antiguvernamentali-video","status":"publish","type":"post","link":"https:\/\/247stiri.ro\/index.php\/2025\/12\/18\/noi-proteste-de-amploare-la-sofia-centrul-orasului-blocat-de-manifestanti-antiguvernamentali-video\/","title":{"rendered":"Noi proteste de amploare la Sofia. Centrul ora\u0219ului, blocat de manifestan\u021bi antiguvernamentali \u2013 VIDEO"},"content":{"rendered":"<p>Mii de oameni s-au adunat \u00een spa\u021biul dintre Pre\u0219edin\u021bie \u0219i Casa Partidului. De pe scen\u0103, \u00een direc\u021bia cl\u0103dirii Adun\u0103rii Na\u021bionale, sunt difuzate mesajele \u201eMafia afar\u0103\u201d, \u201eNu hr\u0103ni\u021bi porcul\u201d \u0219i \u201eSarafov afar\u0103\u201d (procurorul general interimar \u2013 n.r.).<\/p>\n<p>Traficul este complet blocat.<\/p>\n<p>Mai mul\u021bi politicieni din opozi\u021bie avertizeaz\u0103 c\u0103 nemul\u021bumirea public\u0103 \u0219i tensiunile politice ar putea escalada dup\u0103 s\u0103rb\u0103tori, mai ales dac\u0103 protestelor actuale li se vor ad\u0103uga \u0219i tensiuni sociale.<\/p>\n<p>\u00cen urm\u0103 cu o s\u0103pt\u0103m\u00e2n\u0103, premierul Rosen Jeliazkov \u0219i-a prezentat demisia, dup\u0103 s\u0103pt\u0103m\u00e2ni de proteste de strad\u0103 \u00eempotriva politicilor economice ale guvernului \u0219i a e\u0219ecului perceput \u00een combaterea corup\u021biei, transmite Reuters.<\/p>\n<p>Jeliazkov a anun\u021bat demisia \u00eentr-o declara\u021bie televizat\u0103, cu doar c\u00e2teva minute \u00eenainte ca parlamentul s\u0103 voteze o mo\u021biune de cenzur\u0103.<\/p>\n<p>Turbulen\u021bele sociale \u0219i politice vin \u00eentr-un moment sensibil, Bulgaria urm\u00e2nd s\u0103 adere la zona euro la 1 ianuarie.<\/p>\n\n<p>\u00a0<\/p>","protected":false},"excerpt":{"rendered":"<p>Mii de oameni s-au adunat \u00een spa\u021biul dintre Pre\u0219edin\u021bie \u0219i Casa Partidului. De pe scen\u0103,&hellip;<\/p>\n","protected":false},"author":0,"featured_media":52727,"comment_status":"open","ping_status":"open","sticky":false,"template":"","format":"standard","meta":{"footnotes":""},"categories":[4],"tags":[],"class_list":["post-52726","post","type-post","status-publish","format-standard","has-post-thumbnail","hentry","category-extern"],"_links":{"self":[{"href":"https:\/\/247stiri.ro\/index.php\/wp-json\/wp\/v2\/posts\/52726","targetHints":{"allow":["GET"]}}],"collection":[{"href":"https:\/\/247stiri.ro\/index.php\/wp-json\/wp\/v2\/posts"}],"about":[{"href":"https:\/\/247stiri.ro\/index.php\/wp-json\/wp\/v2\/types\/post"}],"replies":[{"embeddable":true,"href":"https:\/\/247stiri.ro\/index.php\/wp-json\/wp\/v2\/comments?post=52726"}],"version-history":[{"count":0,"href":"https:\/\/247stiri.ro\/index.php\/wp-json\/wp\/v2\/posts\/52726\/revisions"}],"wp:featuredmedia":[{"embeddable":true,"href":"https:\/\/247stiri.ro\/index.php\/wp-json\/wp\/v2\/media\/52727"}],"wp:attachment":[{"href":"https:\/\/247stiri.ro\/index.php\/wp-json\/wp\/v2\/media?parent=52726"}],"wp:term":[{"taxonomy":"category","embeddable":true,"href":"https:\/\/247stiri.ro\/index.php\/wp-json\/wp\/v2\/categories?post=52726"},{"taxonomy":"post_tag","embeddable":true,"href":"https:\/\/247stiri.ro\/index.php\/wp-json\/wp\/v2\/tags?post=52726"}],"curies":[{"name":"wp","href":"https:\/\/api.w.org\/{rel}","templated":true}]}}