{"id":52800,"date":"2025-12-19T06:45:50","date_gmt":"2025-12-19T06:45:50","guid":{"rendered":"https:\/\/247stiri.ro\/index.php\/2025\/12\/19\/summit-ue-sub-presiune-fermierii-au-blocat-bruxelles-ul-cu-sute-de-tractoare-video\/"},"modified":"2025-12-19T06:45:50","modified_gmt":"2025-12-19T06:45:50","slug":"summit-ue-sub-presiune-fermierii-au-blocat-bruxelles-ul-cu-sute-de-tractoare-video","status":"publish","type":"post","link":"https:\/\/247stiri.ro\/index.php\/2025\/12\/19\/summit-ue-sub-presiune-fermierii-au-blocat-bruxelles-ul-cu-sute-de-tractoare-video\/","title":{"rendered":"Summit UE, sub presiune: fermierii au blocat Bruxelles -ul cu sute de tractoare VIDEO"},"content":{"rendered":"<p>Fermierii au luat cu asalt capitala Europei \u0219i au manifestat \u00eempotriva acordului despre care spun c\u0103 \u00eei va duce la faliment. Situa\u021bia a degenerat iar for\u021bele de ordine au folosit tunuri cu apa \u00eempotriva protestatarilor.<\/p>\n<p>La manifestation des <a href=\"https:\/\/twitter.com\/hashtag\/agriculteurs?src=hash&amp;ref_src=twsrc%5Etfw\">#agriculteurs<\/a> europ\u00e9ens d\u00e9g\u00e9n\u00e8re devant le Parlement Europ\u00e9en \u00e0 <a href=\"https:\/\/twitter.com\/hashtag\/Bruxelles?src=hash&amp;ref_src=twsrc%5Etfw\">#Bruxelles<\/a>.Nombreux jets de patates et projectiles contre gaz lacrymog\u00e8ne et lance \u00e0 eau.<a href=\"https:\/\/twitter.com\/hashtag\/Brussel?src=hash&amp;ref_src=twsrc%5Etfw\">#Brussel<\/a> <a href=\"https:\/\/twitter.com\/hashtag\/Brussels?src=hash&amp;ref_src=twsrc%5Etfw\">#Brussels<\/a> <a href=\"https:\/\/t.co\/lGd6Vq0oGX\">pic.twitter.com\/lGd6Vq0oGX<\/a><\/p>\n<p>\u2014 Luc Auffret (@LucAuffret) <a href=\"https:\/\/twitter.com\/LucAuffret\/status\/2001596712318566805?ref_src=twsrc%5Etfw\">December 18, 2025<\/a><\/p>\n<p>Protestatarii au aruncat cu cartofi \u00een autorit\u0103\u021bile belgiene, care, \u00een replic\u0103, au lansat grenade lacrimogene asupra acestora.<\/p>\n<p>\u00e9norme Tensions devant le Parlement europ\u00e9en : des agriculteurs lancent des pommes de terre sur les policiers qui r\u00e9pliquent avec des grenades lacrymog\u00e8nes !<a href=\"https:\/\/twitter.com\/hashtag\/AgriculteursEnCol%C3%A8re?src=hash&amp;ref_src=twsrc%5Etfw\">#AgriculteursEnCol\u00e8re<\/a> <a href=\"https:\/\/twitter.com\/hashtag\/AgriculteursEnColere?src=hash&amp;ref_src=twsrc%5Etfw\">#AgriculteursEnColere<\/a> <a href=\"https:\/\/twitter.com\/hashtag\/Bruxelles?src=hash&amp;ref_src=twsrc%5Etfw\">#Bruxelles<\/a> <a href=\"https:\/\/t.co\/0CC57WbcwQ\">pic.twitter.com\/0CC57WbcwQ<\/a><\/p>\n<p>\u2014 Teddy en roue libre (@Tedenrouelibre) <a href=\"https:\/\/twitter.com\/Tedenrouelibre\/status\/2001592901512339495?ref_src=twsrc%5Etfw\">December 18, 2025<\/a><\/p>\n<p>Din cauza protestului masiv, traficul din Bruxelles a fost \u00eenchis \u00een jurul bulevardelor principale. Totodat\u0103, imaginile postate pe re\u021belele sociale arat\u0103 un incendiu masiv \u00een ora\u0219ul-simbol al Uniunii Europene.\u0218i fermierii rom\u00e2ni se opun acordului UE-Mercosur. Alian\u021ba pentru Agricultur\u0103 \u0219i Cooperare i-a cerut lui Ilie Bolojan printr-o scrisoare deschis\u0103 ca Rom\u00e2nia s\u0103 se opun\u0103 semn\u0103rii.&#8221;Sper\u0103m ca de anul viitor care va fi aplicat cu 2027 s\u0103 r\u0103m\u00e2n\u0103 cu cele dou\u0103 piloane. S\u0103 fie actualizat cu valoarea infla\u021biei. Sper\u0103m ca fermierii din Uniunea European\u0103 s\u0103 reziste pe aceast\u0103 pia\u021b\u0103. Mercursor ar submina \u00een totalitate func\u021bionarea fermelor. Mercosur e bun dac\u0103 s-ar \u021bine cont \u0219i de alimentele care intr\u0103 neconforme \u00een Uniunea European\u0103&#8221;, spune un fermier.<\/p>\n<p>&#8222;Am venit la Bruxelles s\u0103 fim al\u0103turi de fermierii rom\u00e2ni. S\u0103 milit\u0103m pentru politica agricol\u0103 s\u0103n\u0103toas\u0103, f\u0103cut\u0103 de oameni profesioni\u0219ti, nu de oameni care habar nu au despre ce se \u00eent\u00e2mpl\u0103 \u00een agricultur\u0103&#8221;, a spus un altul.Aproximativ 40 de asocia\u021bii ale fermierilor s-au solidarizat pentru a se \u00eempotrivi acordului comercial pe care UE vrea s\u0103-l \u00eencheie cu mai multe state din America de Sud. Potrivit unei declara\u021bii a nou\u0103 grupuri, m\u0103surile de protec\u021bie propuse de Uniunea European\u0103 r\u0103m\u00e2n insuficiente pentru a preveni perturb\u0103rile pie\u021bei \u0219i nu asigur\u0103 condi\u021bii de concuren\u021b\u0103 echitabil\u0103 pentru fermierii europeni.<\/p>","protected":false},"excerpt":{"rendered":"<p>Fermierii au luat cu asalt capitala Europei \u0219i au manifestat \u00eempotriva acordului despre care spun&hellip;<\/p>\n","protected":false},"author":0,"featured_media":52801,"comment_status":"open","ping_status":"open","sticky":false,"template":"","format":"standard","meta":{"footnotes":""},"categories":[4],"tags":[],"class_list":["post-52800","post","type-post","status-publish","format-standard","has-post-thumbnail","hentry","category-extern"],"_links":{"self":[{"href":"https:\/\/247stiri.ro\/index.php\/wp-json\/wp\/v2\/posts\/52800","targetHints":{"allow":["GET"]}}],"collection":[{"href":"https:\/\/247stiri.ro\/index.php\/wp-json\/wp\/v2\/posts"}],"about":[{"href":"https:\/\/247stiri.ro\/index.php\/wp-json\/wp\/v2\/types\/post"}],"replies":[{"embeddable":true,"href":"https:\/\/247stiri.ro\/index.php\/wp-json\/wp\/v2\/comments?post=52800"}],"version-history":[{"count":0,"href":"https:\/\/247stiri.ro\/index.php\/wp-json\/wp\/v2\/posts\/52800\/revisions"}],"wp:featuredmedia":[{"embeddable":true,"href":"https:\/\/247stiri.ro\/index.php\/wp-json\/wp\/v2\/media\/52801"}],"wp:attachment":[{"href":"https:\/\/247stiri.ro\/index.php\/wp-json\/wp\/v2\/media?parent=52800"}],"wp:term":[{"taxonomy":"category","embeddable":true,"href":"https:\/\/247stiri.ro\/index.php\/wp-json\/wp\/v2\/categories?post=52800"},{"taxonomy":"post_tag","embeddable":true,"href":"https:\/\/247stiri.ro\/index.php\/wp-json\/wp\/v2\/tags?post=52800"}],"curies":[{"name":"wp","href":"https:\/\/api.w.org\/{rel}","templated":true}]}}