{"id":52823,"date":"2025-12-19T07:44:55","date_gmt":"2025-12-19T07:44:55","guid":{"rendered":"https:\/\/247stiri.ro\/index.php\/2025\/12\/19\/luis-lazarus-critica-momentul-in-care-silviu-vexler-a-rupt-poza-cu-eminescu-legea-vexler-pune-pumnul-in-gura-romanilor\/"},"modified":"2025-12-19T07:44:55","modified_gmt":"2025-12-19T07:44:55","slug":"luis-lazarus-critica-momentul-in-care-silviu-vexler-a-rupt-poza-cu-eminescu-legea-vexler-pune-pumnul-in-gura-romanilor","status":"publish","type":"post","link":"https:\/\/247stiri.ro\/index.php\/2025\/12\/19\/luis-lazarus-critica-momentul-in-care-silviu-vexler-a-rupt-poza-cu-eminescu-legea-vexler-pune-pumnul-in-gura-romanilor\/","title":{"rendered":"Luis Lazarus critic\u0103 momentul \u00een care Silviu Vexler a rupt poza cu Eminescu: \u201dLegea Vexler pune pumnul \u00een gur\u0103 rom\u00e2nilor\u201d"},"content":{"rendered":"<p>\u201dAceast\u0103 atitudine pe care a avut-o deputatul cu pricina a scandalizat pur \u0219i simplu \u00eentreg poporul rom\u00e2n. Adic\u0103 nu po\u021bi s\u0103 faci a\u0219a ceva! Gestul \u0103la de a rupe o h\u00e2rtie pe care erau personalit\u0103\u021bi marcante ale culturii \u0219i politicii rom\u00e2ne\u0219ti este un gest cu o puternic\u0103 simbolistic\u0103 \u0219i, f\u0103cut cu o arogan\u021b\u0103 \u0219i cu o nesim\u021bire ie\u0219it\u0103 din comun, nu poate fi tolerat.<\/p>\n<p>M\u0103 g\u00e2ndeam ca idee, dac\u0103 eu de pild\u0103 a\u0219 fi fost un deputat \u00een Parlamentul Israelian, sigur c\u0103 nu se poate a\u0219a ceva! Adic\u0103 numai la noi putem s\u0103 avem 18 minorit\u0103\u021bi \u0219i s\u0103 avem acolo 18 b\u0103g\u0103tori de seam\u0103 care, de c\u00e2nd stau \u00een Parlamentul \u0103la, nu fac nimic altceva dec\u00e2t s\u0103 fie o balama a puterii care s\u0103 voteze tot felul de chestii pentru putere, nu neap\u0103rat pentru poporul rom\u00e2n \u0219i, p\u00e2n\u0103 la urm\u0103, de ce nu, nici m\u0103car nu e ceva neap\u0103rat pentru minorit\u0103\u021bile pe care cic\u0103 le reprezint\u0103.<\/p>\n<p>Aceast\u0103 Lege Vexler este o lege extrem de periculoas\u0103, oameni buni! Periculoas\u0103 \u00een sensul c\u0103 nu \u00eentrev\u0103d \u00een poporul rom\u00e2n vreun antisemitism. Eu nu sunt antisemit, nu cred c\u0103 m-a\u021bi auzit vreodat\u0103 s\u0103 spun chestii exagerate sau anapoda \u00een leg\u0103tur\u0103 cu evreii sau chiar cu arabii. Dimpotriv\u0103, am \u0219i prieteni arabi, am \u0219i prieteni evrei. \u0218i uite-a\u0219a, cum povesteam eu c\u0103 o s\u0103 ni se restr\u00e2ng\u0103 dreptul la liber\u0103 exprimare, asta este o lege care pune um\u0103rul serios ca s\u0103 nu mai po\u021bi tu s\u0103 spui orice\u201d, a declarat Luis Lazarus.\u00a0<\/p>","protected":false},"excerpt":{"rendered":"<p>\u201dAceast\u0103 atitudine pe care a avut-o deputatul cu pricina a scandalizat pur \u0219i simplu \u00eentreg&hellip;<\/p>\n","protected":false},"author":0,"featured_media":52803,"comment_status":"open","ping_status":"open","sticky":false,"template":"","format":"standard","meta":{"footnotes":""},"categories":[2],"tags":[],"class_list":["post-52823","post","type-post","status-publish","format-standard","has-post-thumbnail","hentry","category-actual"],"_links":{"self":[{"href":"https:\/\/247stiri.ro\/index.php\/wp-json\/wp\/v2\/posts\/52823","targetHints":{"allow":["GET"]}}],"collection":[{"href":"https:\/\/247stiri.ro\/index.php\/wp-json\/wp\/v2\/posts"}],"about":[{"href":"https:\/\/247stiri.ro\/index.php\/wp-json\/wp\/v2\/types\/post"}],"replies":[{"embeddable":true,"href":"https:\/\/247stiri.ro\/index.php\/wp-json\/wp\/v2\/comments?post=52823"}],"version-history":[{"count":0,"href":"https:\/\/247stiri.ro\/index.php\/wp-json\/wp\/v2\/posts\/52823\/revisions"}],"wp:featuredmedia":[{"embeddable":true,"href":"https:\/\/247stiri.ro\/index.php\/wp-json\/wp\/v2\/media\/52803"}],"wp:attachment":[{"href":"https:\/\/247stiri.ro\/index.php\/wp-json\/wp\/v2\/media?parent=52823"}],"wp:term":[{"taxonomy":"category","embeddable":true,"href":"https:\/\/247stiri.ro\/index.php\/wp-json\/wp\/v2\/categories?post=52823"},{"taxonomy":"post_tag","embeddable":true,"href":"https:\/\/247stiri.ro\/index.php\/wp-json\/wp\/v2\/tags?post=52823"}],"curies":[{"name":"wp","href":"https:\/\/api.w.org\/{rel}","templated":true}]}}