{"id":52828,"date":"2025-12-19T08:44:51","date_gmt":"2025-12-19T08:44:51","guid":{"rendered":"https:\/\/247stiri.ro\/index.php\/2025\/12\/19\/vesti-ingrijoratoare-despre-dan-petrescu-lupta-cumplita-cu-o-boala-extrem-de-grava\/"},"modified":"2025-12-19T08:44:51","modified_gmt":"2025-12-19T08:44:51","slug":"vesti-ingrijoratoare-despre-dan-petrescu-lupta-cumplita-cu-o-boala-extrem-de-grava","status":"publish","type":"post","link":"https:\/\/247stiri.ro\/index.php\/2025\/12\/19\/vesti-ingrijoratoare-despre-dan-petrescu-lupta-cumplita-cu-o-boala-extrem-de-grava\/","title":{"rendered":"Ve\u0219ti \u00eengrijor\u0103toare despre Dan Petrescu: lupta cumplit\u0103 cu o boal\u0103 extrem de grav\u0103"},"content":{"rendered":"<p>C\u00e2t de r\u0103u se simte Dan Petrescu?<\/p>\n<p>Pre\u0219edintele Ligii Profesioniste de Fotbal, Gino Iorgulescu, a vorbit deschis despre situa\u021bia delicat\u0103 \u00een care se afl\u0103 <a href=\"https:\/\/www.realitatea.net\/stiri\/actual\/cfr-cluj-este-in-doliu-a-murit-mama-lui-dan-petrescu_67d471730d08ed362f623262\" target=\"_blank\">Dan Petrescu<\/a>, m\u0103rturisind c\u0103 vestea l-a afectat profund. Cei doi au o leg\u0103tur\u0103 veche, construit\u0103 \u00een anii petrecu\u021bi \u00eempreun\u0103 la FC Na\u021bional, at\u00e2t din postura de juc\u0103tor, c\u00e2t \u0219i de antrenor.<\/p>\n<p>\u201eC\u00e2nd afli c\u0103 un om apropiat trece printr-o astfel de dram\u0103, nu ai cum s\u0103 r\u0103m\u00e2i indiferent. Este genul de veste care te cutremur\u0103\u201d, a transmis Iorgulescu la ProSport, subliniind impactul emo\u021bional pe care l-a avut aflarea diagnosticului.<\/p>\n<p>Potrivit declara\u021biilor sale, boala cu care se confrunt\u0103 Dan Petrescu este una sever\u0103, iar tratamentul urmat este extrem de solicitant. De\u0219i nu a dorit s\u0103 ofere detalii medicale exacte, \u0219eful LPF a confirmat c\u0103 antrenorul se afl\u0103 sub tratament de chimioterapie, semn al gravit\u0103\u021bii situa\u021biei.<\/p>\n<p>Rela\u021bia apropiat\u0103 dintre cei doi face ca distan\u021ba din ultima perioad\u0103 s\u0103 fie una greu de gestionat. Pre\u0219edintele LPF a recunoscut c\u0103 nu a mai luat leg\u0103tura cu Dan Petrescu dup\u0103 ce a aflat amploarea problemelor de s\u0103n\u0103tate, tocmai din cauza sensibilit\u0103\u021bii momentului.<\/p>\n<p>Pe l\u00e2ng\u0103 lupta cu boala,<a href=\"https:\/\/www.realitatea.net\/stiri\/sport\/doliu-in-lumea-sportului-romanesc-a-murit-un-mare-om-al-fotbalului-dan-petrescu-devastat_6344456b15efa2491f27fab2\" target=\"_blank\"> Dan Petrescu<\/a> ar fi fost afectat \u0219i de tensiunile din plan profesional. Problemele financiare cu care s-a confruntat CFR Cluj, clubul al\u0103turi de care a ob\u021binut performan\u021be remarcabile, ar fi pus o presiune suplimentar\u0103 asupra antrenorului.<\/p>\n<p>Gestionarea unei echipe cu restan\u021be salariale, \u00een contextul unor obiective ridicate, reprezint\u0103 o provocare major\u0103 pentru orice tehnician, iar acest stres ar fi contribuit la starea general\u0103 dificil\u0103 prin care trece Dan Petrescu.<\/p>\n<p>\u00cen prezent, \u00eentreaga comunitate fotbalistic\u0103 \u00ee\u0219i \u00eendreapt\u0103 g\u00e2ndurile c\u0103tre fostul mare sportiv, sper\u00e2nd \u00eentr-o evolu\u021bie pozitiv\u0103 \u0219i \u00eentr-o revenire c\u00e2t mai grabnic\u0103.<\/p>","protected":false},"excerpt":{"rendered":"<p>C\u00e2t de r\u0103u se simte Dan Petrescu? Pre\u0219edintele Ligii Profesioniste de Fotbal, Gino Iorgulescu, a&hellip;<\/p>\n","protected":false},"author":0,"featured_media":52829,"comment_status":"open","ping_status":"open","sticky":false,"template":"","format":"standard","meta":{"footnotes":""},"categories":[5],"tags":[],"class_list":["post-52828","post","type-post","status-publish","format-standard","has-post-thumbnail","hentry","category-sport"],"_links":{"self":[{"href":"https:\/\/247stiri.ro\/index.php\/wp-json\/wp\/v2\/posts\/52828","targetHints":{"allow":["GET"]}}],"collection":[{"href":"https:\/\/247stiri.ro\/index.php\/wp-json\/wp\/v2\/posts"}],"about":[{"href":"https:\/\/247stiri.ro\/index.php\/wp-json\/wp\/v2\/types\/post"}],"replies":[{"embeddable":true,"href":"https:\/\/247stiri.ro\/index.php\/wp-json\/wp\/v2\/comments?post=52828"}],"version-history":[{"count":0,"href":"https:\/\/247stiri.ro\/index.php\/wp-json\/wp\/v2\/posts\/52828\/revisions"}],"wp:featuredmedia":[{"embeddable":true,"href":"https:\/\/247stiri.ro\/index.php\/wp-json\/wp\/v2\/media\/52829"}],"wp:attachment":[{"href":"https:\/\/247stiri.ro\/index.php\/wp-json\/wp\/v2\/media?parent=52828"}],"wp:term":[{"taxonomy":"category","embeddable":true,"href":"https:\/\/247stiri.ro\/index.php\/wp-json\/wp\/v2\/categories?post=52828"},{"taxonomy":"post_tag","embeddable":true,"href":"https:\/\/247stiri.ro\/index.php\/wp-json\/wp\/v2\/tags?post=52828"}],"curies":[{"name":"wp","href":"https:\/\/api.w.org\/{rel}","templated":true}]}}