{"id":52830,"date":"2025-12-19T08:44:52","date_gmt":"2025-12-19T08:44:52","guid":{"rendered":"https:\/\/247stiri.ro\/index.php\/2025\/12\/19\/caravana-eu-sunt-anca-ajunge-in-mijlocul-oamenilor-ora-1100-vocea-romanilor-se-face-auzita-la-televiziunea-poporului\/"},"modified":"2025-12-19T08:44:52","modified_gmt":"2025-12-19T08:44:52","slug":"caravana-eu-sunt-anca-ajunge-in-mijlocul-oamenilor-ora-1100-vocea-romanilor-se-face-auzita-la-televiziunea-poporului","status":"publish","type":"post","link":"https:\/\/247stiri.ro\/index.php\/2025\/12\/19\/caravana-eu-sunt-anca-ajunge-in-mijlocul-oamenilor-ora-1100-vocea-romanilor-se-face-auzita-la-televiziunea-poporului\/","title":{"rendered":"Caravana \u201eEu sunt Anca\u201d ajunge \u00een mijlocul oamenilor. Ora 11:00 &#8211; Vocea rom\u00e2nilor se face auzit\u0103 la televiziunea poporului"},"content":{"rendered":"<p>O edi\u021bie de excep\u021bie de la ora 11.00 a caravanei Realitatea PLUS, care va fi \u00een mijlocul oamenilor. Ast\u0103zi, \u00een Capital\u0103, al\u0103turi de Anca Alexandrescu \u0219i de invita\u021bi speciali la &#8222;Caravana Eu sunt Anca&#8221;.\u00a0<\/p>\n<p>Anca Alexandrescu va fi \u00een mijlocul oamenilor pentru a v\u0103 ar\u0103ta realitatea din fiecare situa\u021bie. Va sta de vorb\u0103 cu oamenii, le va face vocea auzit\u0103.<\/p>\n<p>Realitatea PLUS se va afla \u00een locurile \u00een care politicienii se feresc s\u0103 fie \u0219i s\u0103 le asculte problemele oamenilor. Va sta de vorb\u0103 cu oamenii \u0219i va fi \u00een mijlocul lor \u00een aceste momente extrem de delicate, c\u00e2nd popula\u021bia se confrunt\u0103 cu foarte multe probleme.\u00a0<\/p>\n<p>Sunt foarte mul\u021bi oameni afecta\u021bi \u0219i foarte pu\u021bin reu\u0219esc s\u0103-\u0219i fac\u0103 auzit\u0103.\u00a0\u00a0<\/p>","protected":false},"excerpt":{"rendered":"<p>O edi\u021bie de excep\u021bie de la ora 11.00 a caravanei Realitatea PLUS, care va fi&hellip;<\/p>\n","protected":false},"author":0,"featured_media":52831,"comment_status":"open","ping_status":"open","sticky":false,"template":"","format":"standard","meta":{"footnotes":""},"categories":[3],"tags":[],"class_list":["post-52830","post","type-post","status-publish","format-standard","has-post-thumbnail","hentry","category-politica"],"_links":{"self":[{"href":"https:\/\/247stiri.ro\/index.php\/wp-json\/wp\/v2\/posts\/52830","targetHints":{"allow":["GET"]}}],"collection":[{"href":"https:\/\/247stiri.ro\/index.php\/wp-json\/wp\/v2\/posts"}],"about":[{"href":"https:\/\/247stiri.ro\/index.php\/wp-json\/wp\/v2\/types\/post"}],"replies":[{"embeddable":true,"href":"https:\/\/247stiri.ro\/index.php\/wp-json\/wp\/v2\/comments?post=52830"}],"version-history":[{"count":0,"href":"https:\/\/247stiri.ro\/index.php\/wp-json\/wp\/v2\/posts\/52830\/revisions"}],"wp:featuredmedia":[{"embeddable":true,"href":"https:\/\/247stiri.ro\/index.php\/wp-json\/wp\/v2\/media\/52831"}],"wp:attachment":[{"href":"https:\/\/247stiri.ro\/index.php\/wp-json\/wp\/v2\/media?parent=52830"}],"wp:term":[{"taxonomy":"category","embeddable":true,"href":"https:\/\/247stiri.ro\/index.php\/wp-json\/wp\/v2\/categories?post=52830"},{"taxonomy":"post_tag","embeddable":true,"href":"https:\/\/247stiri.ro\/index.php\/wp-json\/wp\/v2\/tags?post=52830"}],"curies":[{"name":"wp","href":"https:\/\/api.w.org\/{rel}","templated":true}]}}