{"id":52836,"date":"2025-12-19T08:44:55","date_gmt":"2025-12-19T08:44:55","guid":{"rendered":"https:\/\/247stiri.ro\/index.php\/2025\/12\/19\/romania-e-in-criza-nicusor-dan-lauda-coalitia-de-guvernare-sa-ii-incurajam-nu-avem-alta-alternativa\/"},"modified":"2025-12-19T08:44:55","modified_gmt":"2025-12-19T08:44:55","slug":"romania-e-in-criza-nicusor-dan-lauda-coalitia-de-guvernare-sa-ii-incurajam-nu-avem-alta-alternativa","status":"publish","type":"post","link":"https:\/\/247stiri.ro\/index.php\/2025\/12\/19\/romania-e-in-criza-nicusor-dan-lauda-coalitia-de-guvernare-sa-ii-incurajam-nu-avem-alta-alternativa\/","title":{"rendered":"Rom\u00e2nia e \u00een criz\u0103, Nicu\u0219or Dan laud\u0103 Coali\u021bia de guvernare: &#8222;S\u0103 \u00eei \u00eencuraj\u0103m, nu avem alt\u0103 alternativ\u0103&#8221;"},"content":{"rendered":"<p>&#8222;Rom\u00e2nia a fost \u00eentr-o pozi\u021bie vulnerabil\u0103 \u0219i faptul c\u0103 aceste patru partide au ales s\u0103 fac\u0103 parte din guvernare e un lucru bun. S\u0103-i \u00eencuraj\u0103m, c\u0103 nu avem alternativ\u0103. Nu vorbim numai de coali\u021bie, vorbim \u0219i de persoana mea \u0219i, \u00een general, de orice autoritate public\u0103: rela\u021bia cu cet\u0103\u021benii e important s\u0103 fie \u00eembun\u0103t\u0103\u021bit\u0103, trebuie s\u0103 le expunem mai mult dec\u00e2t s\u0103 ne arunc\u0103m acuze unii altora &#8211; vorbesc de clasa politic\u0103. Este important mai mult s\u0103 explic\u0103m ce facem, care sunt mizele, de ce direc\u021bia occidental\u0103 este bun\u0103, de ce Europa, cu toate problemele ei de decizie, structurale, este alternativa viabil\u0103 pentru Rom\u00e2nia&#8221;, a declarat Nicu\u0219or Dan.\u00a0<\/p>","protected":false},"excerpt":{"rendered":"<p>&#8222;Rom\u00e2nia a fost \u00eentr-o pozi\u021bie vulnerabil\u0103 \u0219i faptul c\u0103 aceste patru partide au ales s\u0103&hellip;<\/p>\n","protected":false},"author":0,"featured_media":52837,"comment_status":"open","ping_status":"open","sticky":false,"template":"","format":"standard","meta":{"footnotes":""},"categories":[3],"tags":[],"class_list":["post-52836","post","type-post","status-publish","format-standard","has-post-thumbnail","hentry","category-politica"],"_links":{"self":[{"href":"https:\/\/247stiri.ro\/index.php\/wp-json\/wp\/v2\/posts\/52836","targetHints":{"allow":["GET"]}}],"collection":[{"href":"https:\/\/247stiri.ro\/index.php\/wp-json\/wp\/v2\/posts"}],"about":[{"href":"https:\/\/247stiri.ro\/index.php\/wp-json\/wp\/v2\/types\/post"}],"replies":[{"embeddable":true,"href":"https:\/\/247stiri.ro\/index.php\/wp-json\/wp\/v2\/comments?post=52836"}],"version-history":[{"count":0,"href":"https:\/\/247stiri.ro\/index.php\/wp-json\/wp\/v2\/posts\/52836\/revisions"}],"wp:featuredmedia":[{"embeddable":true,"href":"https:\/\/247stiri.ro\/index.php\/wp-json\/wp\/v2\/media\/52837"}],"wp:attachment":[{"href":"https:\/\/247stiri.ro\/index.php\/wp-json\/wp\/v2\/media?parent=52836"}],"wp:term":[{"taxonomy":"category","embeddable":true,"href":"https:\/\/247stiri.ro\/index.php\/wp-json\/wp\/v2\/categories?post=52836"},{"taxonomy":"post_tag","embeddable":true,"href":"https:\/\/247stiri.ro\/index.php\/wp-json\/wp\/v2\/tags?post=52836"}],"curies":[{"name":"wp","href":"https:\/\/api.w.org\/{rel}","templated":true}]}}