{"id":52896,"date":"2025-12-19T12:45:11","date_gmt":"2025-12-19T12:45:11","guid":{"rendered":"https:\/\/247stiri.ro\/index.php\/2025\/12\/19\/urmarit-de-peste-zece-ani-un-roman-condamnat-pentru-tentativa-de-omor-a-fost-capturat-in-italia-si-urmeaza-sa-fie-adus-in-tara\/"},"modified":"2025-12-19T12:45:11","modified_gmt":"2025-12-19T12:45:11","slug":"urmarit-de-peste-zece-ani-un-roman-condamnat-pentru-tentativa-de-omor-a-fost-capturat-in-italia-si-urmeaza-sa-fie-adus-in-tara","status":"publish","type":"post","link":"https:\/\/247stiri.ro\/index.php\/2025\/12\/19\/urmarit-de-peste-zece-ani-un-roman-condamnat-pentru-tentativa-de-omor-a-fost-capturat-in-italia-si-urmeaza-sa-fie-adus-in-tara\/","title":{"rendered":"Urm\u0103rit de peste zece ani, un rom\u00e2n condamnat pentru tentativ\u0103 de omor a fost capturat \u00een Italia \u0219i urmeaz\u0103 s\u0103 fie adus \u00een \u021bar\u0103"},"content":{"rendered":"<p>Ce au anun\u021bat anchetatorii \u00een acest caz?<\/p>\n<p>Individul, \u00een v\u00e2rst\u0103 de 59 de ani, fusese condamnat definitiv \u00een anul 2014 de Tribunalul Maramure\u0219, dup\u0103 ce instan\u021ba a stabilit c\u0103 a agresat cu o violen\u021b\u0103 extrem\u0103 o persoan\u0103, ac\u021bion\u00e2nd cu inten\u021bia clar\u0103 de a-i provoca moartea. Faptele s-au petrecut \u00een noiembrie 2010, iar victima a suferit leziuni grave, care au necesitat peste 40 de zile de \u00eengrijiri medicale.<\/p>\n<p><a href=\"https:\/\/www.realitatea.net\/stiri\/actual\/individ-extrem-de-periculos-prins-de-politistii-romani-era-urmarit-international-pentru-ca-a-incercat-sa-omoare-un-politist-italian-video_68d3c8f441dc0456686f37e6\" target=\"_blank\">Judec\u0103torii au re\u021binut<\/a> c\u0103 loviturile aplicate au fost de o intensitate deosebit\u0103 \u0219i au vizat zone vitale ale corpului, aspecte care au demonstrat inten\u021bia de a ucide. Mai mult, b\u0103rbatul nu se afla la prima abatere de acest gen, fiind anterior condamnat tot pentru tentativ\u0103 de omor. Pe l\u00e2ng\u0103 aceast\u0103 infrac\u021biune, el a fost g\u0103sit vinovat \u0219i de v\u0103t\u0103mare corporal\u0103, fapte contra bunelor moravuri \u0219i tulburarea ordinii \u0219i lini\u0219tii publice.<\/p>\n<p>Dup\u0103 pronun\u021barea sentin\u021bei din 2014, condamnatul a fugit din \u021bar\u0103 \u0219i a fost dat \u00een urm\u0103rire general\u0103, at\u00e2t la nivel na\u021bional, c\u00e2t \u0219i interna\u021bional. Timp de ani de zile, acesta a reu\u0219it s\u0103 evite autorit\u0103\u021bile, p\u00e2n\u0103 c\u00e2nd a fost identificat \u00een Italia.<\/p>\n<p>Capturarea a avut loc pe 19 decembrie 2025, \u00een ora\u0219ul Pisa, \u00een urma unei opera\u021biuni coordonate la nivel interna\u021bional. Ac\u021biunea a fost desf\u0103\u0219urat\u0103 de poli\u021bi\u0219tii din cadrul Inspectoratului de Poli\u021bie Jude\u021bean Maramure\u0219 \u2013 Serviciul de Investiga\u021bii Criminale, \u00een colaborare cu Direc\u021bia de Investiga\u021bii Criminale din Rom\u00e2nia \u0219i cu sprijinul Biroului Ata\u0219atului de Afaceri Interne al Rom\u00e2niei din Italia.<\/p>\n<p>Autorit\u0103\u021bile italiene, prin structurile operative ale Poli\u021biei Na\u021bionale din Pisa, au acordat sprijin direct \u00een identificarea \u0219i re\u021binerea fugarului. \u00cen prezent, b\u0103rbatul se afl\u0103 \u00een custodia autorit\u0103\u021bilor judiciare italiene \u0219i urmeaz\u0103 s\u0103 fie supus procedurilor legale pentru punerea \u00een aplicare a mandatului european de arestare emis pe numele s\u0103u.<\/p>\n<p><a href=\"https:\/\/www.realitatea.net\/stiri\/actual\/un-barbat-cautat-de-autoritatile-maghiare-prins-in-bucuresti-dupa-o-traversare-neregulamentara_67e70c5f26a3cb186b1f240d\" target=\"_blank\">Dup\u0103 finalizarea formalit\u0103\u021bilor,<\/a> acesta va fi extr\u0103dat \u00een Rom\u00e2nia pentru a-\u0219i executa pedeapsa stabilit\u0103 de instan\u021b\u0103, pun\u00e2nd cap\u0103t unei perioade \u00eendelungate \u00een care s-a sustras justi\u021biei.<\/p>","protected":false},"excerpt":{"rendered":"<p>Ce au anun\u021bat anchetatorii \u00een acest caz? Individul, \u00een v\u00e2rst\u0103 de 59 de ani, fusese&hellip;<\/p>\n","protected":false},"author":0,"featured_media":52897,"comment_status":"open","ping_status":"open","sticky":false,"template":"","format":"standard","meta":{"footnotes":""},"categories":[2],"tags":[],"class_list":["post-52896","post","type-post","status-publish","format-standard","has-post-thumbnail","hentry","category-actual"],"_links":{"self":[{"href":"https:\/\/247stiri.ro\/index.php\/wp-json\/wp\/v2\/posts\/52896","targetHints":{"allow":["GET"]}}],"collection":[{"href":"https:\/\/247stiri.ro\/index.php\/wp-json\/wp\/v2\/posts"}],"about":[{"href":"https:\/\/247stiri.ro\/index.php\/wp-json\/wp\/v2\/types\/post"}],"replies":[{"embeddable":true,"href":"https:\/\/247stiri.ro\/index.php\/wp-json\/wp\/v2\/comments?post=52896"}],"version-history":[{"count":0,"href":"https:\/\/247stiri.ro\/index.php\/wp-json\/wp\/v2\/posts\/52896\/revisions"}],"wp:featuredmedia":[{"embeddable":true,"href":"https:\/\/247stiri.ro\/index.php\/wp-json\/wp\/v2\/media\/52897"}],"wp:attachment":[{"href":"https:\/\/247stiri.ro\/index.php\/wp-json\/wp\/v2\/media?parent=52896"}],"wp:term":[{"taxonomy":"category","embeddable":true,"href":"https:\/\/247stiri.ro\/index.php\/wp-json\/wp\/v2\/categories?post=52896"},{"taxonomy":"post_tag","embeddable":true,"href":"https:\/\/247stiri.ro\/index.php\/wp-json\/wp\/v2\/tags?post=52896"}],"curies":[{"name":"wp","href":"https:\/\/api.w.org\/{rel}","templated":true}]}}