{"id":52898,"date":"2025-12-19T12:45:12","date_gmt":"2025-12-19T12:45:12","guid":{"rendered":"https:\/\/247stiri.ro\/index.php\/2025\/12\/19\/sorin-grindeanu-atac-la-ilie-bolojan-nu-stiu-ce-are-in-cap-avem-un-ministru-care-si-a-dovedit-clar-incompetenta\/"},"modified":"2025-12-19T12:45:12","modified_gmt":"2025-12-19T12:45:12","slug":"sorin-grindeanu-atac-la-ilie-bolojan-nu-stiu-ce-are-in-cap-avem-un-ministru-care-si-a-dovedit-clar-incompetenta","status":"publish","type":"post","link":"https:\/\/247stiri.ro\/index.php\/2025\/12\/19\/sorin-grindeanu-atac-la-ilie-bolojan-nu-stiu-ce-are-in-cap-avem-un-ministru-care-si-a-dovedit-clar-incompetenta\/","title":{"rendered":"Sorin Grindeanu, atac la Ilie Bolojan: \u201dNu \u0219tiu ce are \u00een cap. Avem un ministru care \u0219i-a dovedit clar incompeten\u021ba\u201d"},"content":{"rendered":"<p>\u201dNu \u0219tiu ce are \u00een cap c\u00e2nd spune aceste lucruri, dar poate facem p\u00e2rghii mai bune ca atunci c\u00e2nd avem un ministru care face un management prost, cum e cel de la Mediu, s\u0103 poat\u0103 fi schimbat chiar dac\u0103 se opune partidul din care provine, fiindc\u0103 \u00een acest moment suntem \u00een aceast\u0103 situa\u021bie.<\/p>\n<p>Avem un ministru al Mediului care \u0219i-a dovedit incompeten\u021ba, care a avut un vot \u00een Senat pe o mo\u021biune, care eu cred c\u0103 nu mai poate continua. N-avem p\u00e2rghii \u00een <a href=\"https:\/\/www.realitatea.net\/stiri\/politica\/bolojan-vrea-sa-renegocieze-protocolul-coalitiei-cum-vrea-sa-oblige-psd-sa-accepte-masurile-lui_69452a856e0d8416444d7db2\" target=\"_blank\">protocol<\/a> prin care s\u0103 regl\u0103m aceste lucruri, ceea ce nu e \u00een regul\u0103.<\/p>\n<p>\u0218i eu cred c\u0103 e cazul s\u0103 l\u0103s\u0103m la o parte orgolii politice, s\u0103 propunem oameni care s\u0103 ocupe func\u021bii \u00een Guvern care \u0219tiu ce au de f\u0103cut \u0219i nu s\u0103 se specializeze la locul de munc\u0103 \u0219i s\u0103 \u00eenve\u021be s\u0103 fie mini\u0219tri dup\u0103 ce au depus jur\u0103m\u00e2ntul, a\u0219a cum e la Mediu \u0219i dup\u0103 aceea lucrurile, sigur, vor merge mai bine\u201d, a declarat Sorin Grindeanu.\u00a0<\/p>","protected":false},"excerpt":{"rendered":"<p>\u201dNu \u0219tiu ce are \u00een cap c\u00e2nd spune aceste lucruri, dar poate facem p\u00e2rghii mai&hellip;<\/p>\n","protected":false},"author":0,"featured_media":52891,"comment_status":"open","ping_status":"open","sticky":false,"template":"","format":"standard","meta":{"footnotes":""},"categories":[2],"tags":[],"class_list":["post-52898","post","type-post","status-publish","format-standard","has-post-thumbnail","hentry","category-actual"],"_links":{"self":[{"href":"https:\/\/247stiri.ro\/index.php\/wp-json\/wp\/v2\/posts\/52898","targetHints":{"allow":["GET"]}}],"collection":[{"href":"https:\/\/247stiri.ro\/index.php\/wp-json\/wp\/v2\/posts"}],"about":[{"href":"https:\/\/247stiri.ro\/index.php\/wp-json\/wp\/v2\/types\/post"}],"replies":[{"embeddable":true,"href":"https:\/\/247stiri.ro\/index.php\/wp-json\/wp\/v2\/comments?post=52898"}],"version-history":[{"count":0,"href":"https:\/\/247stiri.ro\/index.php\/wp-json\/wp\/v2\/posts\/52898\/revisions"}],"wp:featuredmedia":[{"embeddable":true,"href":"https:\/\/247stiri.ro\/index.php\/wp-json\/wp\/v2\/media\/52891"}],"wp:attachment":[{"href":"https:\/\/247stiri.ro\/index.php\/wp-json\/wp\/v2\/media?parent=52898"}],"wp:term":[{"taxonomy":"category","embeddable":true,"href":"https:\/\/247stiri.ro\/index.php\/wp-json\/wp\/v2\/categories?post=52898"},{"taxonomy":"post_tag","embeddable":true,"href":"https:\/\/247stiri.ro\/index.php\/wp-json\/wp\/v2\/tags?post=52898"}],"curies":[{"name":"wp","href":"https:\/\/api.w.org\/{rel}","templated":true}]}}