{"id":52963,"date":"2025-12-19T17:45:38","date_gmt":"2025-12-19T17:45:38","guid":{"rendered":"https:\/\/247stiri.ro\/index.php\/2025\/12\/19\/un-martor-cheie-in-dosarul-vanatorii-de-oameni-de-la-sarajevo-a-murit-in-conditii-misterioase\/"},"modified":"2025-12-19T17:45:38","modified_gmt":"2025-12-19T17:45:38","slug":"un-martor-cheie-in-dosarul-vanatorii-de-oameni-de-la-sarajevo-a-murit-in-conditii-misterioase","status":"publish","type":"post","link":"https:\/\/247stiri.ro\/index.php\/2025\/12\/19\/un-martor-cheie-in-dosarul-vanatorii-de-oameni-de-la-sarajevo-a-murit-in-conditii-misterioase\/","title":{"rendered":"Un martor-cheie \u00een dosarul v\u00e2n\u0103torii de oameni de la Sarajevo a murit \u00een conditii misterioase"},"content":{"rendered":"<p>Moartea lui Slavko Aleksici, la v\u00e2rsta de 69 de ani, survine la doar c\u00e2teva s\u0103pt\u0103m\u00e2ni dup\u0103 ce procurorii italieni au redeschis o investiga\u021bie privind acuza\u021biile de a\u0219a-numite \u201esafaris umane\u201d \u00een timpul asediului din Sarajevo, scrie The Sun.Ancheta se concentreaz\u0103 pe afirma\u021biile potrivit c\u0103rora turi\u0219ti str\u0103ini boga\u021bi ar fi pl\u0103tit sume uria\u0219e for\u021belor s\u00e2rbo-bosniace pentru a trage asupra civililor ne\u00eenarma\u021bi bloca\u021bi \u00een ora\u0219.Aleksici controla cuiburi de luneti\u0219ti amplasate \u00eentr-un cimitir evreiesc situat deasupra ora\u0219ului Sarajevo \u0219i era renumit pentru faptul c\u0103 avea o ma\u0219in\u0103 cu un craniu uman fixat pe capot\u0103 \u0219i purta o casc\u0103 ONU. Avocatul s\u00e2rb care se ocup\u0103 de caz a opinat c\u0103 moartea lui Aleksici ar putea afecta grav investiga\u021bia.Magistra\u021bii italieni analizeaz\u0103 acum noi dovezi care sugereaz\u0103 c\u0103 v\u00e2n\u0103tori boga\u021bi din Europa ar fi c\u0103l\u0103torit \u00een Bosnia pentru a participa la aceste crime.Anchetatorii verific\u0103 \u0219i afirma\u021biile potrivit c\u0103rora serviciile secrete italiene ar fi blocat deplasarea unor luneti\u0219ti italieni din Trieste, care inten\u021bionau s\u0103 se al\u0103ture \u201esafariurilor umane\u201d.\u00a0\u00a0<\/p>","protected":false},"excerpt":{"rendered":"<p>Moartea lui Slavko Aleksici, la v\u00e2rsta de 69 de ani, survine la doar c\u00e2teva s\u0103pt\u0103m\u00e2ni&hellip;<\/p>\n","protected":false},"author":0,"featured_media":52964,"comment_status":"open","ping_status":"open","sticky":false,"template":"","format":"standard","meta":{"footnotes":""},"categories":[4],"tags":[],"class_list":["post-52963","post","type-post","status-publish","format-standard","has-post-thumbnail","hentry","category-extern"],"_links":{"self":[{"href":"https:\/\/247stiri.ro\/index.php\/wp-json\/wp\/v2\/posts\/52963","targetHints":{"allow":["GET"]}}],"collection":[{"href":"https:\/\/247stiri.ro\/index.php\/wp-json\/wp\/v2\/posts"}],"about":[{"href":"https:\/\/247stiri.ro\/index.php\/wp-json\/wp\/v2\/types\/post"}],"replies":[{"embeddable":true,"href":"https:\/\/247stiri.ro\/index.php\/wp-json\/wp\/v2\/comments?post=52963"}],"version-history":[{"count":0,"href":"https:\/\/247stiri.ro\/index.php\/wp-json\/wp\/v2\/posts\/52963\/revisions"}],"wp:featuredmedia":[{"embeddable":true,"href":"https:\/\/247stiri.ro\/index.php\/wp-json\/wp\/v2\/media\/52964"}],"wp:attachment":[{"href":"https:\/\/247stiri.ro\/index.php\/wp-json\/wp\/v2\/media?parent=52963"}],"wp:term":[{"taxonomy":"category","embeddable":true,"href":"https:\/\/247stiri.ro\/index.php\/wp-json\/wp\/v2\/categories?post=52963"},{"taxonomy":"post_tag","embeddable":true,"href":"https:\/\/247stiri.ro\/index.php\/wp-json\/wp\/v2\/tags?post=52963"}],"curies":[{"name":"wp","href":"https:\/\/api.w.org\/{rel}","templated":true}]}}