{"id":52999,"date":"2025-12-19T20:46:20","date_gmt":"2025-12-19T20:46:20","guid":{"rendered":"https:\/\/247stiri.ro\/index.php\/2025\/12\/19\/mesaj-dur-de-la-slatina-primarul-de-mezzo-promite-sa-se-lupte-cu-guvernul-pentru-banii-locali\/"},"modified":"2025-12-19T20:46:20","modified_gmt":"2025-12-19T20:46:20","slug":"mesaj-dur-de-la-slatina-primarul-de-mezzo-promite-sa-se-lupte-cu-guvernul-pentru-banii-locali","status":"publish","type":"post","link":"https:\/\/247stiri.ro\/index.php\/2025\/12\/19\/mesaj-dur-de-la-slatina-primarul-de-mezzo-promite-sa-se-lupte-cu-guvernul-pentru-banii-locali\/","title":{"rendered":"Mesaj dur de la Slatina. Primarul De Mezzo promite s\u0103 se lupte cu guvernul pentru banii locali"},"content":{"rendered":"<p>Primarul Mario De Mezzo a afirmat c\u0103 proiec\u021biile pentru anul 2026 depind \u00een mare m\u0103sur\u0103 de deciziile Guvernului privind impozitul pe venit \u0219i cre\u0219terile de impozite \u0219i taxe.&#8221;Depinde foarte tare dac\u0103 Guvernul ne va lua din banii care ni se cuvin, din impozitul pe venit din Slatina. Legea \u00een acest moment spune c\u0103 63% din impozitul pe venit al tuturor angaja\u021bilor din Slatina vine la prim\u0103rie. Impozitul, valoarea corect\u0103 ar fi fost 85-90%, dac\u0103 m\u0103 \u00eentreba\u021bi pe mine, pentru c\u0103 sunt bani veni\u021bi din industria din Slatina, la care Guvernul n-a avut nicio contribu\u021bie, a contribuit Slatina de-a lungul timpului, favoriz\u00e2nd mediul antreprenorial \u0219i marile fabrici s\u0103 munceasc\u0103 aici, dar ast\u0103zi este la 63%. Dac\u0103 Guvernul decide s\u0103 ne mai ia din ace\u0219ti bani \u0219i s\u0103 duc\u0103, nu \u0219tiu, 60%, 58%, 50%, atunci va fi un impact direct \u00een bugetul Slatinei. Dac\u0103 Guvernul nu ne va lua ace\u0219ti bani \u0219i ne las\u0103 \u0219i impozitele pe propriet\u0103\u021bi pe care le-am m\u0103rit ast\u0103zi, bugetul anul viitor ar trebui s\u0103 fie cam cu 10-15% mai mare dec\u00e2t anul acesta, adic\u0103 s\u0103 ajung\u0103 undeva la 110 milioane de euro. Dac\u0103 Guvernul decide s\u0103 ia banii Slatinei, atunci impactul va fi direct \u00een buget \u0219i direct \u00een investi\u021bii. Eu m\u0103 voi lupta cu toate p\u00e2rghiile pe care le am, \u0219i interne, politice, \u0219i externe, de comunicare, ca Guvernul s\u0103 nu se ating\u0103 de banii sl\u0103tinenilor, la fel cum sunt convins c\u0103 fiecare primar din \u021bar\u0103 \u0219i prin Asocia\u021bia Municipiilor din Rom\u00e2nia ne vom lupta ca aceast\u0103 situa\u021bie s\u0103 nu se \u00eent\u00e2mple&#8221;, a afirmat Mario De Mezzo.Edilul a men\u021bionat c\u0103 taxele din municipiul Slatina vor cre\u0219te cu procentul minim impus de lege, conform unui proiect adoptat vineri, \u00eens\u0103 diferen\u021bele fa\u021b\u0103 de valoarea din acest an vor fi semnificative, exemplific\u00e2nd cu impozitul pentru un apartament, care va cre\u0219te de la 180 de lei la 360 de lei.&#8221;Eu am ales s\u0103 ini\u021biez proiectul de hot\u0103r\u00e2re de Consiliu Local \u00een acord cu legea, dar pe valorile minime, care oricum sunt duble \u00een cele mai multe cazuri, pentru cele mai multe dintre propriet\u0103\u021bi. Pericolul era c\u0103 \u00een cazul \u00een care proiectul de hot\u0103r\u00e2re nu trecea \u00een forma ini\u021biat\u0103 de mine, valorile ar fi fost \u0219i triple, cel pu\u021bin. De exemplu, pentru un apartament pentru care anul acesta a costat impozitul 180 de lei, anul viitor va fi 360 \u0219i un pic p\u00e2n\u0103 \u00een 370. Cre\u0219terea este de 108%. Dar dac\u0103 nu s-ar fi votat proiectul \u00een forma propus\u0103 de mine cu aceast\u0103 cre\u0219tere minim\u0103, impozitul ar fi putut fi \u0219i de 650 de lei, ceea ce \u00eenseamn\u0103, fa\u021b\u0103 de 180 de lei, o cre\u0219tere de patru ori. M\u0103 bucur c\u0103 au \u00een\u021beles to\u021bi colegii consilieri, \u00een special cei din opozi\u021bie, \u0219i au \u00een\u021beles c\u0103 la acest proiect punctual s\u0103 nu fac\u0103 opozi\u021bie doar de dragul opozi\u021biei \u0219i m\u0103 bucur c\u0103 i-am convins explic\u00e2ndu-le s\u0103 voteze proiectul \u00een forma actual\u0103 cu taxele m\u0103rite la valoarea minim\u0103, pentru c\u0103 altfel sl\u0103tinenii ar fi fost cei care ar fi suferit. Taxele vor cre\u0219te \u00een toat\u0103 \u021bara, obligatoriu, prin lege&#8221;, a mai argumentat primarul Mario De Mezzo.<\/p>\n<p><a title='Primarul Slatinei, despre reducerea numarului politistilor locali: \"Daca se ia decizia reducerii, as prefera sa se desfiinteze\"' href=\"https:\/\/www.realitatea.net\/stiri\/actual\/primarul-slatinei-despre-reducerea-numarului-politistilor-locali-daca-se-ia-decizia-reducerii-as-prefera-sa-se-desfiinteze_688b5c94569d950632023f82\">Primarul Slatinei, despre reducerea num\u0103rului poli\u021bi\u0219tilor locali: \u201dDac\u0103 se ia decizia reducerii, a\u0219 prefera s\u0103 se desfiin\u021beze\u201d<\/a><\/p>","protected":false},"excerpt":{"rendered":"<p>Primarul Mario De Mezzo a afirmat c\u0103 proiec\u021biile pentru anul 2026 depind \u00een mare m\u0103sur\u0103&hellip;<\/p>\n","protected":false},"author":0,"featured_media":53000,"comment_status":"open","ping_status":"open","sticky":false,"template":"","format":"standard","meta":{"footnotes":""},"categories":[2],"tags":[],"class_list":["post-52999","post","type-post","status-publish","format-standard","has-post-thumbnail","hentry","category-actual"],"_links":{"self":[{"href":"https:\/\/247stiri.ro\/index.php\/wp-json\/wp\/v2\/posts\/52999","targetHints":{"allow":["GET"]}}],"collection":[{"href":"https:\/\/247stiri.ro\/index.php\/wp-json\/wp\/v2\/posts"}],"about":[{"href":"https:\/\/247stiri.ro\/index.php\/wp-json\/wp\/v2\/types\/post"}],"replies":[{"embeddable":true,"href":"https:\/\/247stiri.ro\/index.php\/wp-json\/wp\/v2\/comments?post=52999"}],"version-history":[{"count":0,"href":"https:\/\/247stiri.ro\/index.php\/wp-json\/wp\/v2\/posts\/52999\/revisions"}],"wp:featuredmedia":[{"embeddable":true,"href":"https:\/\/247stiri.ro\/index.php\/wp-json\/wp\/v2\/media\/53000"}],"wp:attachment":[{"href":"https:\/\/247stiri.ro\/index.php\/wp-json\/wp\/v2\/media?parent=52999"}],"wp:term":[{"taxonomy":"category","embeddable":true,"href":"https:\/\/247stiri.ro\/index.php\/wp-json\/wp\/v2\/categories?post=52999"},{"taxonomy":"post_tag","embeddable":true,"href":"https:\/\/247stiri.ro\/index.php\/wp-json\/wp\/v2\/tags?post=52999"}],"curies":[{"name":"wp","href":"https:\/\/api.w.org\/{rel}","templated":true}]}}