{"id":53002,"date":"2025-12-19T21:45:22","date_gmt":"2025-12-19T21:45:22","guid":{"rendered":"https:\/\/247stiri.ro\/index.php\/2025\/12\/19\/mihaela-radulescu-mesaj-sfasietor-in-ziua-in-care-si-a-pierdut-mama-doare-cumplit-imbratiseaza-i-pe-felix-si-pe-tata\/"},"modified":"2025-12-19T21:45:22","modified_gmt":"2025-12-19T21:45:22","slug":"mihaela-radulescu-mesaj-sfasietor-in-ziua-in-care-si-a-pierdut-mama-doare-cumplit-imbratiseaza-i-pe-felix-si-pe-tata","status":"publish","type":"post","link":"https:\/\/247stiri.ro\/index.php\/2025\/12\/19\/mihaela-radulescu-mesaj-sfasietor-in-ziua-in-care-si-a-pierdut-mama-doare-cumplit-imbratiseaza-i-pe-felix-si-pe-tata\/","title":{"rendered":"Mihaela R\u0103dulescu, mesaj sf\u00e2\u0219ietor \u00een ziua \u00een care \u0219i-a pierdut mama: \u201eDoare cumplit. \u00cembr\u0103\u021bi\u0219eaz\u0103-i pe Felix \u0219i pe tata\u201d"},"content":{"rendered":"<p>\u00a0<\/p>\n<p>\u201eAst\u0103zi, mai mult ca oric\u00e2nd, a\u0219 fi avut nevoie de z\u00e2mbetul lui uria\u0219 \u0219i de \u00eembr\u0103\u021bi\u0219\u0103rile lui, de felul lui de a-mi spune c\u0103 totul va fi\u2026 OK. Ca atunci c\u00e2nd Felix a murit. Mi-am pierdut \u0219i mama, iar acest \u00ab\u0219i\u00bb doare cumplit\u201d, a scris Mihaela.<\/p>\n<p>Vedeta m\u0103rturise\u0219te c\u0103 pierderile succesive au lovit-o cu o brutalitate greu de imaginat: \u201eB\u0103rbatul meu \u0219i mama mea, am\u00e2ndoi pleca\u021bi prea \u0219ocant, prea repede, prea tragic, prea devreme, unul dup\u0103 altul\u2026 \u00cemi tot spun c\u0103 voi sta dreapt\u0103 \u0219i voi accepta orice provocare \u00eemi arunc\u0103 via\u021ba.\u201d<\/p>\n<p>Mihaela R\u0103dulescu a dezv\u0103luit \u0219i c\u0103 mama ei nu era bolnav\u0103, \u00eens\u0103 ar fi cedat sub presiunea emo\u021bional\u0103 a ultimelor luni: \u201eMama mea extraordinar\u0103 nu era bolnav\u0103, doar a suferit prea mult din cauza a tot ce am tr\u0103it eu \u00een ultimele 5 luni, p\u00e2n\u0103 \u00een punctul \u00een care inima ei nu a mai rezistat. Mamele bune, iubitoare, oneste vor sim\u021bi \u00eentotdeauna durerea copiilor lor\u2026 dublu.\u201d<\/p>\n<p>Vedeta a \u021binut s\u0103 le mul\u021bumeasc\u0103 medicilor de la Spitalul Elias, unde mama ei a fost internat\u0103 \u00een stare critic\u0103: \u201eVreau s\u0103 spun un mare MUL\u021aUMESC fiec\u0103rei persoane care a avut at\u00e2t de mare grij\u0103 de mama mea la Spitalul Elias, echipa de Neurologie. Dr. Petrescu a \u021binut-o pe mama \u00een via\u021b\u0103, \u00een com\u0103 profund\u0103, intubat\u0103 \u0219i \u00een moarte cerebral\u0103 at\u00e2t de mult timp pentru c\u0103 este pur \u0219i simplu cel mai bun medic. Sunte\u021bi \u00eengeri, to\u021bi.\u201d<\/p>\n<p><a href=\"https:\/\/www.realitatea.net\/stiri\/actual\/mihaela-radulescu-lovita-de-o-noua-drama-dupa-ce-sia-pierdut-partenerul-vedeta-sia-pierdut-si-mama_69455a91bbac56405c41f1b3\" target=\"_blank\">Mihaela R\u0103dulescu, lovit\u0103 de o nou\u0103 dram\u0103. Dup\u0103 ce \u0219i-a pierdut partenerul, vedeta \u0219i-a pierdut \u0219i mama<\/a><\/p>\n<p>Mihaela a povestit c\u0103 a stat zilnic la c\u0103p\u0103t\u00e2iul mamei sale: \u201eAm petrecut \u00een fiecare zi c\u00e2t am putut al\u0103turi de mama mea \u0219i a fost at\u00e2t de greu\u2026 S\u0103 pierzi oamenii pe care \u00eei iube\u0219ti at\u00e2t de mult nu este niciodat\u0103 u\u0219or. Dar s\u0103 pierzi oamenii care te-au iubit cel mai mult este durerea adev\u0103rat\u0103.\u201d<\/p>\n<p>\u00cen final, vedeta a transmis un mesaj de adio sf\u00e2\u0219ietor: \u201eMama mea drag\u0103 \u0219i frumoas\u0103, odihne\u0219te-te \u00een pace. Ai fost cea mai bun\u0103 mam\u0103 \u0219i bunic\u0103, ai fost o profesoar\u0103 iubit\u0103 de at\u00e2tea genera\u021bii, ai fost inspira\u021bia mea mereu. \u00cembr\u0103\u021bi\u0219eaz\u0103-i pe Felix \u0219i pe tata pentru mine acolo sus\u2026\u201d<\/p>\n<p>Mihaela R\u0103dulescu a anun\u021bat c\u0103 va reveni treptat la activit\u0103\u021bile sale publice, \u00eens\u0103 a subliniat c\u0103 \u201eunele vremuri \u00eentunecate nu au nevoie de public\u201d.<\/p>\n<p>\u00a0\u00a0\u00a0\u00a0\u00a0Vezi aceast\u0103 postare pe Instagram\u00a0\u00a0\u00a0\u00a0\u00a0\u00a0\u00a0\u00a0\u00a0\u00a0\u00a0<\/p>\n<p><a href=\"https:\/\/www.instagram.com\/p\/DSc88Z2CDnE\/?utm_source=ig_embed&amp;utm_campaign=loading\" target=\"_blank\">O postare distribuit\u0103 de Mihaela Schwartzenberg (@mihaelaradulescuschwartzenberg)<\/a><\/p>","protected":false},"excerpt":{"rendered":"<p>\u00a0 \u201eAst\u0103zi, mai mult ca oric\u00e2nd, a\u0219 fi avut nevoie de z\u00e2mbetul lui uria\u0219 \u0219i&hellip;<\/p>\n","protected":false},"author":0,"featured_media":53003,"comment_status":"open","ping_status":"open","sticky":false,"template":"","format":"standard","meta":{"footnotes":""},"categories":[8],"tags":[],"class_list":["post-53002","post","type-post","status-publish","format-standard","has-post-thumbnail","hentry","category-lifestyle"],"_links":{"self":[{"href":"https:\/\/247stiri.ro\/index.php\/wp-json\/wp\/v2\/posts\/53002","targetHints":{"allow":["GET"]}}],"collection":[{"href":"https:\/\/247stiri.ro\/index.php\/wp-json\/wp\/v2\/posts"}],"about":[{"href":"https:\/\/247stiri.ro\/index.php\/wp-json\/wp\/v2\/types\/post"}],"replies":[{"embeddable":true,"href":"https:\/\/247stiri.ro\/index.php\/wp-json\/wp\/v2\/comments?post=53002"}],"version-history":[{"count":0,"href":"https:\/\/247stiri.ro\/index.php\/wp-json\/wp\/v2\/posts\/53002\/revisions"}],"wp:featuredmedia":[{"embeddable":true,"href":"https:\/\/247stiri.ro\/index.php\/wp-json\/wp\/v2\/media\/53003"}],"wp:attachment":[{"href":"https:\/\/247stiri.ro\/index.php\/wp-json\/wp\/v2\/media?parent=53002"}],"wp:term":[{"taxonomy":"category","embeddable":true,"href":"https:\/\/247stiri.ro\/index.php\/wp-json\/wp\/v2\/categories?post=53002"},{"taxonomy":"post_tag","embeddable":true,"href":"https:\/\/247stiri.ro\/index.php\/wp-json\/wp\/v2\/tags?post=53002"}],"curies":[{"name":"wp","href":"https:\/\/api.w.org\/{rel}","templated":true}]}}