{"id":53006,"date":"2025-12-19T21:45:25","date_gmt":"2025-12-19T21:45:25","guid":{"rendered":"https:\/\/247stiri.ro\/index.php\/2025\/12\/19\/veste-asteptata-de-soferi-un-tronson-important-din-autostrada-moldovei-se-deschide-inainte-de-craciun\/"},"modified":"2025-12-19T21:45:25","modified_gmt":"2025-12-19T21:45:25","slug":"veste-asteptata-de-soferi-un-tronson-important-din-autostrada-moldovei-se-deschide-inainte-de-craciun","status":"publish","type":"post","link":"https:\/\/247stiri.ro\/index.php\/2025\/12\/19\/veste-asteptata-de-soferi-un-tronson-important-din-autostrada-moldovei-se-deschide-inainte-de-craciun\/","title":{"rendered":"Veste a\u0219teptat\u0103 de \u0219oferi. Un tronson important din Autostrada Moldovei se deschide \u00eenainte de Cr\u0103ciun"},"content":{"rendered":"<p>\u201dAst\u0103zi a avut loc o vizit\u0103 de lucru pe Autostrada A7, la care au participat pre\u0219edintele Camerei Deputa\u021bilor, Sorin Grindeanu, pre\u0219edintele Consiliului Jude\u021bean Buz\u0103u, Marcel Ciolacu, directorul general al CNAIR, Cristian Pistol, precum \u0219i constructorul Dorinel Umbr\u0103rescu. Vizita a avut ca obiectiv analiza stadiului de execu\u021bie a lucr\u0103rilor pe sectorul Autostr\u0103zii A7 aflat pe raza jude\u021bului Vrancea, precum \u0219i evaluarea progresului general al proiectului \u0219i a estim\u0103rilor privind finalizarea tronsonului Adjud &#8211; Pa\u0219cani, programat\u0103 pentru anul 2026. Pentru jude\u021bul Vrancea, anun\u021bul de maxim\u0103 importan\u021b\u0103 este acela c\u0103 mar\u021bi, 23 decembrie, vor fi da\u021bi \u00een circula\u021bie aproximativ 50 de kilometri de autostrad\u0103, \u00eentre Foc\u0219ani \u0219i Adjud. Odat\u0103 cu acest pas, \u00eentreg sectorul Autostr\u0103zii A7 care traverseaz\u0103 jude\u021bul Vrancea va fi deschis circula\u021biei \u00een regim de autostrad\u0103\u201d, se afirm\u0103 \u00een comunicatul de pres\u0103 semnat de pre\u0219edintele CJ Vrancea.Potrivit acestuia, &#8222;Autostrada A7 reprezint\u0103 un proiect esen\u021bial pentru dezvoltarea economic\u0103 \u0219i social\u0103 a regiunii, contribuind la cre\u0219terea mobilit\u0103\u021bii, la atragerea de investi\u021bii, la \u00eembun\u0103t\u0103\u021birea siguran\u021bei rutiere \u0219i la cre\u0219terea calit\u0103\u021bii vie\u021bii pentru locuitorii jude\u021bului Vrancea \u0219i ai \u00eentregii regiuni a Moldovei&#8221;.<\/p>\n<p><a title=\"Autostrada A2, inchisa temporar dupa ce resturi de animale au fost imprastiate pe carosabil\" href=\"https:\/\/www.realitatea.net\/stiri\/actual\/autostrada-a2-inchisa-temporar-dupa-ce-resturi-de-animale-au-fost-imprastiate-pe-carosabil_6939eb73eca70e0c483672f3\">Autostrada A2, \u00eenchis\u0103 temporar dup\u0103 ce resturi de animale au fost \u00eempr\u0103\u015ftiate pe carosabil<\/a>&#8222;\u00cen continuare, autorit\u0103\u021bile publice locale \u0219i jude\u021bene au responsabilitatea de a dezvolta infrastructura complementar\u0103 necesar\u0103 pentru a valorifica pe deplin poten\u021bialul acestei investi\u021bii majore, \u00een vederea unei dezvolt\u0103ri durabile \u0219i ireversibile a jude\u021bului. Mul\u021bumiri sunt adresate domnului Marcel Ciolacu, pentru sprijinul acordat \u00een perioada exercit\u0103rii func\u021biei de prim-ministru, precum \u0219i domnului Sorin Grindeanu, pentru implicarea constant\u0103 \u00een calitate de ministru al Transporturilor \u0219i pentru sprijinul institu\u021bional oferit \u0219i \u00een prezent&#8221;, adaug\u0103 Nicu\u0219or Halici.Lucr\u0103rile la Autostrada A7 au \u00eenceput \u00een prim\u0103vara anului 2022, iar \u00een pu\u021bin peste doi ani \u0219i jum\u0103tate a fost finalizat tronsonul Buz\u0103u &#8211; Adjud. \u00cen prezent, lucr\u0103rile spre Bac\u0103u \u0219i Pa\u0219cani se afl\u0103 \u00eentr-un stadiu avansat, cu termen de finalizare stabilit pentru sf\u00e2r\u0219itul anului 2026.Prin darea \u00een folosin\u021b\u0103 a tronsonului respectiv, se va putea circula \u00een continuu pe autostrad\u0103 aproximativ 250 kilometri, direct de la Bucure\u0219ti p\u00e2n\u0103 la Adjud.<\/p>\n<p><a title=\"Inca 50 de kilometri din Autostrada Moldovei ar putea fi dati in trafic inainte de Revelion. Anuntul directorului CNAIR - VIDEO \" href=\"https:\/\/www.realitatea.net\/stiri\/actual\/inca-50-de-kilometri-din-autostrada-moldovei-ar-putea-fi-dati-in-trafic-inainte-de-revelion-anuntul-directorului-cnair-video_69416a9953283536806e8342\">\u00cenc\u0103 50 de kilometri din Autostrada Moldovei ar putea fi da\u0163i \u00een trafic \u00eenainte de Revelion. Anun\u021bul directorului CNAIR &#8211; VIDEO<\/a><\/p>","protected":false},"excerpt":{"rendered":"<p>\u201dAst\u0103zi a avut loc o vizit\u0103 de lucru pe Autostrada A7, la care au participat&hellip;<\/p>\n","protected":false},"author":0,"featured_media":53007,"comment_status":"open","ping_status":"open","sticky":false,"template":"","format":"standard","meta":{"footnotes":""},"categories":[2],"tags":[],"class_list":["post-53006","post","type-post","status-publish","format-standard","has-post-thumbnail","hentry","category-actual"],"_links":{"self":[{"href":"https:\/\/247stiri.ro\/index.php\/wp-json\/wp\/v2\/posts\/53006","targetHints":{"allow":["GET"]}}],"collection":[{"href":"https:\/\/247stiri.ro\/index.php\/wp-json\/wp\/v2\/posts"}],"about":[{"href":"https:\/\/247stiri.ro\/index.php\/wp-json\/wp\/v2\/types\/post"}],"replies":[{"embeddable":true,"href":"https:\/\/247stiri.ro\/index.php\/wp-json\/wp\/v2\/comments?post=53006"}],"version-history":[{"count":0,"href":"https:\/\/247stiri.ro\/index.php\/wp-json\/wp\/v2\/posts\/53006\/revisions"}],"wp:featuredmedia":[{"embeddable":true,"href":"https:\/\/247stiri.ro\/index.php\/wp-json\/wp\/v2\/media\/53007"}],"wp:attachment":[{"href":"https:\/\/247stiri.ro\/index.php\/wp-json\/wp\/v2\/media?parent=53006"}],"wp:term":[{"taxonomy":"category","embeddable":true,"href":"https:\/\/247stiri.ro\/index.php\/wp-json\/wp\/v2\/categories?post=53006"},{"taxonomy":"post_tag","embeddable":true,"href":"https:\/\/247stiri.ro\/index.php\/wp-json\/wp\/v2\/tags?post=53006"}],"curies":[{"name":"wp","href":"https:\/\/api.w.org\/{rel}","templated":true}]}}