{"id":53008,"date":"2025-12-19T21:45:26","date_gmt":"2025-12-19T21:45:26","guid":{"rendered":"https:\/\/247stiri.ro\/index.php\/2025\/12\/19\/bolojan-vizita-fulger-la-constanta-dupa-demisiile-in-lant-vom-lua-deciziile-dupa-anul-nou-video\/"},"modified":"2025-12-19T21:45:26","modified_gmt":"2025-12-19T21:45:26","slug":"bolojan-vizita-fulger-la-constanta-dupa-demisiile-in-lant-vom-lua-deciziile-dupa-anul-nou-video","status":"publish","type":"post","link":"https:\/\/247stiri.ro\/index.php\/2025\/12\/19\/bolojan-vizita-fulger-la-constanta-dupa-demisiile-in-lant-vom-lua-deciziile-dupa-anul-nou-video\/","title":{"rendered":"Bolojan, vizit\u0103-fulger la Constan\u021ba, dup\u0103 demisiile \u00een lan\u021b: Vom lua deciziile dup\u0103 Anul Nou \u2013 VIDEO"},"content":{"rendered":"<p>Vizita premierului \u00een jude\u021bul Constan\u021ba a avut loc dup\u0103 ce Florin Mitroi a renun\u021bat la func\u021bia de pre\u0219edinte al Consiliului Jude\u021bean Constan\u021ba \u0219i a formulat acuza\u021bii grave. Acesta sus\u021bine c\u0103 era \u201elimitat\u201d \u0219i \u201e\u00eengr\u0103dit\u201d \u00een mod constant. De altfel, \u00een urm\u0103 cu c\u00e2teva zile, \u0219i \u0219eful filialei liberale, Bogdan Hu\u021buc\u0103, \u0219i liderul PSD Constan\u021ba, Felix Stroe, au renun\u021bat la func\u021bii.<\/p>\n\n<p><a title=\"@realitatea.plus\" href=\"https:\/\/www.tiktok.com\/@realitatea.plus?refer=embed\" target=\"_blank\">@realitatea.plus<\/a><\/p>\n<p>Premierul Ilie Bolojan nu a ajuns la nicio concluzie dup\u0103 \u0219edin\u021ba-fulger \u00een urma demisiilor liberalilor din Constan\u021ba. Prim-ministru a anun\u021bat c\u0103 o decizie va fi luat\u0103 abia dup\u0103 anul nou. Ini\u021bial premierul a refuzat s\u0103 r\u0103spund\u0103 la \u00eentreb\u0103rile jurnali\u0219tilor \u0219i a fugit de ace\u0219tia. Vizita premierului \u00een jude\u021bul Constan\u021ba a avut loc dup\u0103 ce Florin Mitroi a renun\u021bat la func\u021bia de pre\u0219edinte al Consiliului Jude\u021bean Constan\u021ba \u0219i a f\u0103cut acuza\u021bii grave. Acesta sus\u021bine c\u0103 era \u201elimitat\u201d \u0219i \u201e\u00eengr\u0103dit\u201d \u00een mod constant. De altfel, \u00een urm\u0103 cu c\u00e2teva zile \u0219i \u015feful filialei liberale, Bogdan Hu\u021buc\u0103, \u0219i liderul PSD Constan\u021ba, Felix Stroe au renun\u021bat la func\u021bii.<\/p>\n<p><a title=\"\u266c original sound - Realitatea Plus\" href=\"https:\/\/www.tiktok.com\/music\/original-sound-7585652939987553046?refer=embed\" target=\"_blank\">\u266c original sound &#8211; Realitatea Plus<\/a><\/p>","protected":false},"excerpt":{"rendered":"<p>Vizita premierului \u00een jude\u021bul Constan\u021ba a avut loc dup\u0103 ce Florin Mitroi a renun\u021bat la&hellip;<\/p>\n","protected":false},"author":0,"featured_media":53005,"comment_status":"open","ping_status":"open","sticky":false,"template":"","format":"standard","meta":{"footnotes":""},"categories":[2],"tags":[],"class_list":["post-53008","post","type-post","status-publish","format-standard","has-post-thumbnail","hentry","category-actual"],"_links":{"self":[{"href":"https:\/\/247stiri.ro\/index.php\/wp-json\/wp\/v2\/posts\/53008","targetHints":{"allow":["GET"]}}],"collection":[{"href":"https:\/\/247stiri.ro\/index.php\/wp-json\/wp\/v2\/posts"}],"about":[{"href":"https:\/\/247stiri.ro\/index.php\/wp-json\/wp\/v2\/types\/post"}],"replies":[{"embeddable":true,"href":"https:\/\/247stiri.ro\/index.php\/wp-json\/wp\/v2\/comments?post=53008"}],"version-history":[{"count":0,"href":"https:\/\/247stiri.ro\/index.php\/wp-json\/wp\/v2\/posts\/53008\/revisions"}],"wp:featuredmedia":[{"embeddable":true,"href":"https:\/\/247stiri.ro\/index.php\/wp-json\/wp\/v2\/media\/53005"}],"wp:attachment":[{"href":"https:\/\/247stiri.ro\/index.php\/wp-json\/wp\/v2\/media?parent=53008"}],"wp:term":[{"taxonomy":"category","embeddable":true,"href":"https:\/\/247stiri.ro\/index.php\/wp-json\/wp\/v2\/categories?post=53008"},{"taxonomy":"post_tag","embeddable":true,"href":"https:\/\/247stiri.ro\/index.php\/wp-json\/wp\/v2\/tags?post=53008"}],"curies":[{"name":"wp","href":"https:\/\/api.w.org\/{rel}","templated":true}]}}