{"id":53043,"date":"2025-12-20T09:45:10","date_gmt":"2025-12-20T09:45:10","guid":{"rendered":"https:\/\/247stiri.ro\/index.php\/2025\/12\/20\/s-a-format-comitetul-pentru-reformarea-justitiei-dupa-dezvaluirie-controversate-bolojan-si-a-pus-oamenii-in-functii-cheie\/"},"modified":"2025-12-20T09:45:10","modified_gmt":"2025-12-20T09:45:10","slug":"s-a-format-comitetul-pentru-reformarea-justitiei-dupa-dezvaluirie-controversate-bolojan-si-a-pus-oamenii-in-functii-cheie","status":"publish","type":"post","link":"https:\/\/247stiri.ro\/index.php\/2025\/12\/20\/s-a-format-comitetul-pentru-reformarea-justitiei-dupa-dezvaluirie-controversate-bolojan-si-a-pus-oamenii-in-functii-cheie\/","title":{"rendered":"S-a format Comitetul pentru reformarea justi\u021biei dup\u0103 dezv\u0103luirie controversate. Bolojan \u0219i-a pus oamenii \u00een func\u021bii cheie"},"content":{"rendered":"<p>Acest Comitet a fost \u00eenfiin\u021bat cu scopul de a analiza \u015fi a revizui legisla\u021bia din domeniul Justi\u0163iei \u0219i este format din reprezentan\u0163i ai Cancelariei Prim-ministrului \u015fi reprezentan\u0163i ai Ministerului Justi\u0163iei, \u00een calitate de membri permanen\u0163i.<\/p>\n<p>Decizia privind constituirea, organizarea \u015fi atribu\u0163iile Comitetului a fost publicat\u0103 deja \u00een Monitorul Oficial.<\/p>\n<p>\u201dSe constituie Comitetul pentru analiza \u015fi revizuirea legisla\u0163iei din domeniul Justi\u0163iei, denumit \u00een continuareComitetul, organism f\u0103r\u0103 personalitate juridic\u0103, cu caracter consultativ. Comitetul este condus de reprezentantul Cancelariei Prim-ministrului, care are calitatea de pre\u015fedinte\u201d, se arat\u0103 \u00een decizie.<\/p>\n<p>Foarte important de precizat este faptul c\u0103 acest comitet este format din reprezentan\u0163i ai Cancelariei Prim-ministrului \u015fi reprezentan\u0163i ai Ministerului Justi\u0163iei, \u00een calitate de membri permanen\u0163i.<\/p>\n<p>La lucr\u0103rile Comitetului pot participa, pe baza invita\u0163iei prim-ministrului, reprezentan\u0163i ai altor autorit\u0103\u0163i \u015fi institu\u0163ii publice, ai societ\u0103\u0163ii civile \u015fi ai organiza\u0163iilor interna\u0163ionale.<\/p>\n<p>\u00cen vederea \u00eendeplinirii atribu\u0163iilor, \u00een cadrul Comitetului se pot constitui grupuri de lucru tematice, la nivel tehnic, alc\u0103tuite din exper\u0163i ai Cancelariei Prim-ministrului \u015fi ai Ministerului Justi\u0163iei, precum \u015fi din exper\u0163i ai institu\u0163iilor sau care au calitatea de invita\u0163i, desemna\u0163i \u00een acest sens, se men\u0163ioneaz\u0103 \u00een document.\u00a0<\/p>\n<p>Principalele atribu\u021bii ale acestui comitet sunt:<\/p>\n<p>* analizeaz\u0103 efectele punerii \u00een aplicare a legisla\u0163iei din domeniul Justi\u0163iei adoptate \u00een 2022, respectiv Legea nr. 303\/2022 privind statutul judec\u0103torilor \u015fi procurorilor, cu modific\u0103rile \u015fi complet\u0103rile ulterioare, Legea nr. 304\/2022 privind organizarea judiciar\u0103, cu modific\u0103rile ulterioare, \u015fi Legea nr. 305\/2022 privind Consiliul Superior al Magistraturii, precum \u015fi ale oric\u0103ror alte acte relevante pentru realizarea actului de justi\u0163ie;* analizeaz\u0103 \u015fi dezbate opiniile formulate de c\u0103tre asocia\u0163iile reprezentative ale judec\u0103torilor \u015fi procurorilor, precum \u015fi de c\u0103tre organiza\u0163iile nonguvernamentale cu privire la organizarea \u015fi func\u0163ionarea Justi\u0163iei \u015fi la realizarea actului de justi\u0163ie;* organizeaz\u0103 \u00eent\u00e2lniri cu reprezentan\u0163i ai institu\u0163iilor, autorit\u0103\u0163ilor \u015fi organiza\u0163iilor, inclusiv de la nivel interna\u0163ional, cu competen\u0163e sau activitate \u00een domeniul Justi\u0163iei;* solicit\u0103 puncte de vedere din partea institu\u0163iilor, autorit\u0103\u0163ilor \u015fi organiza\u0163iilor, inclusiv de la nivel interna\u0163ional, cu competen\u0163e sau activitate \u00een domeniul Justi\u0163iei;* prezint\u0103 rapoarte de progres cu privire la stadiul \u00eendeplinirii m\u0103surilor \u015fi exercit\u0103rii atribu\u0163iilor;* propune o serie de m\u0103suri pentru asigurarea impar\u0163ialit\u0103\u0163ii, independen\u0163ei \u015fi eficien\u0163ei actului de justi\u0163ie, \u00een acord cu valorile constitu\u0163ionale \u015fi standardele interna\u0163ionale privind statul de drept.<\/p>","protected":false},"excerpt":{"rendered":"<p>Acest Comitet a fost \u00eenfiin\u021bat cu scopul de a analiza \u015fi a revizui legisla\u021bia din&hellip;<\/p>\n","protected":false},"author":0,"featured_media":53041,"comment_status":"open","ping_status":"open","sticky":false,"template":"","format":"standard","meta":{"footnotes":""},"categories":[2],"tags":[],"class_list":["post-53043","post","type-post","status-publish","format-standard","has-post-thumbnail","hentry","category-actual"],"_links":{"self":[{"href":"https:\/\/247stiri.ro\/index.php\/wp-json\/wp\/v2\/posts\/53043","targetHints":{"allow":["GET"]}}],"collection":[{"href":"https:\/\/247stiri.ro\/index.php\/wp-json\/wp\/v2\/posts"}],"about":[{"href":"https:\/\/247stiri.ro\/index.php\/wp-json\/wp\/v2\/types\/post"}],"replies":[{"embeddable":true,"href":"https:\/\/247stiri.ro\/index.php\/wp-json\/wp\/v2\/comments?post=53043"}],"version-history":[{"count":0,"href":"https:\/\/247stiri.ro\/index.php\/wp-json\/wp\/v2\/posts\/53043\/revisions"}],"wp:featuredmedia":[{"embeddable":true,"href":"https:\/\/247stiri.ro\/index.php\/wp-json\/wp\/v2\/media\/53041"}],"wp:attachment":[{"href":"https:\/\/247stiri.ro\/index.php\/wp-json\/wp\/v2\/media?parent=53043"}],"wp:term":[{"taxonomy":"category","embeddable":true,"href":"https:\/\/247stiri.ro\/index.php\/wp-json\/wp\/v2\/categories?post=53043"},{"taxonomy":"post_tag","embeddable":true,"href":"https:\/\/247stiri.ro\/index.php\/wp-json\/wp\/v2\/tags?post=53043"}],"curies":[{"name":"wp","href":"https:\/\/api.w.org\/{rel}","templated":true}]}}