{"id":53048,"date":"2025-12-20T10:44:54","date_gmt":"2025-12-20T10:44:54","guid":{"rendered":"https:\/\/247stiri.ro\/index.php\/2025\/12\/20\/protestul-urias-al-fermierilor-pus-pe-pauza-pana-in-ianuarie-imagini-incredibile-belgienii-au-luat-acasa-cartofii-aruncati-de-manifestati\/"},"modified":"2025-12-20T10:44:54","modified_gmt":"2025-12-20T10:44:54","slug":"protestul-urias-al-fermierilor-pus-pe-pauza-pana-in-ianuarie-imagini-incredibile-belgienii-au-luat-acasa-cartofii-aruncati-de-manifestati","status":"publish","type":"post","link":"https:\/\/247stiri.ro\/index.php\/2025\/12\/20\/protestul-urias-al-fermierilor-pus-pe-pauza-pana-in-ianuarie-imagini-incredibile-belgienii-au-luat-acasa-cartofii-aruncati-de-manifestati\/","title":{"rendered":"Protestul uria\u0219 al fermierilor, pus pe pauz\u0103 p\u00e2n\u0103 \u00een ianuarie. Imagini incredibile: belgienii au luat acas\u0103 cartofii arunca\u021bi de manifesta\u021bi"},"content":{"rendered":"<p>Sunt imaginile care au \u0219ocat \u00eentreaga lume. Fermierii au ie\u0219it s\u0103 <a href=\"https:\/\/www.realitatea.net\/stiri\/extern\/fermierii-francezi-proteste-cu-varza-stricata-si-sicrie-in-fata-casei-lui-macron-video_694560e89e4e50698b388b94\" target=\"_blank\">protesteze<\/a> dup\u0103 ce Uniunea European\u0103 a anun\u021bat m\u0103suri care ar favoriza multina\u021bionalele din industria biotehnologiilor \u0219i semin\u021belor industriale.\u00a0<\/p>\n<p>Agricultorii spuneau c\u0103 liderii de la Bruxelles vor s\u0103 \u00eei fac\u0103 dependen\u021bi de companiile str\u0103ine \u0219i s\u0103 pun\u0103 la p\u0103m\u00e2nt tot ce \u00eenseamn\u0103 industria fructelor \u0219i legumelor bio.<\/p>\n<p>Acum \u00eens\u0103, au pus pauz\u0103 protestelor, dup\u0103 ce Ursula von der Leyen a anun\u021bat c\u0103 am\u00e2n\u0103 negocierile.<\/p>\n<p>De \u00eentreg scandalul au profitat \u00eens\u0103 locuitorii de la Bruxelles. Odat\u0103 ce tensiunile s-au potolit, oamenii, echipa\u021bi cu saco\u0219e de cump\u0103r\u0103turi, au profitat de ocazie pentru a str\u00e2nge cartofii arunca\u021bi \u00een timpul protestelor.\u00a0<\/p>","protected":false},"excerpt":{"rendered":"<p>Sunt imaginile care au \u0219ocat \u00eentreaga lume. Fermierii au ie\u0219it s\u0103 protesteze dup\u0103 ce Uniunea&hellip;<\/p>\n","protected":false},"author":0,"featured_media":53045,"comment_status":"open","ping_status":"open","sticky":false,"template":"","format":"standard","meta":{"footnotes":""},"categories":[2],"tags":[],"class_list":["post-53048","post","type-post","status-publish","format-standard","has-post-thumbnail","hentry","category-actual"],"_links":{"self":[{"href":"https:\/\/247stiri.ro\/index.php\/wp-json\/wp\/v2\/posts\/53048","targetHints":{"allow":["GET"]}}],"collection":[{"href":"https:\/\/247stiri.ro\/index.php\/wp-json\/wp\/v2\/posts"}],"about":[{"href":"https:\/\/247stiri.ro\/index.php\/wp-json\/wp\/v2\/types\/post"}],"replies":[{"embeddable":true,"href":"https:\/\/247stiri.ro\/index.php\/wp-json\/wp\/v2\/comments?post=53048"}],"version-history":[{"count":0,"href":"https:\/\/247stiri.ro\/index.php\/wp-json\/wp\/v2\/posts\/53048\/revisions"}],"wp:featuredmedia":[{"embeddable":true,"href":"https:\/\/247stiri.ro\/index.php\/wp-json\/wp\/v2\/media\/53045"}],"wp:attachment":[{"href":"https:\/\/247stiri.ro\/index.php\/wp-json\/wp\/v2\/media?parent=53048"}],"wp:term":[{"taxonomy":"category","embeddable":true,"href":"https:\/\/247stiri.ro\/index.php\/wp-json\/wp\/v2\/categories?post=53048"},{"taxonomy":"post_tag","embeddable":true,"href":"https:\/\/247stiri.ro\/index.php\/wp-json\/wp\/v2\/tags?post=53048"}],"curies":[{"name":"wp","href":"https:\/\/api.w.org\/{rel}","templated":true}]}}