{"id":53056,"date":"2025-12-20T11:45:13","date_gmt":"2025-12-20T11:45:13","guid":{"rendered":"https:\/\/247stiri.ro\/index.php\/2025\/12\/20\/fermierii-nostri-dau-faliment-nicusor-dan-ne-da-mancare-din-brazilia-rascoala-ia-amploare\/"},"modified":"2025-12-20T11:45:13","modified_gmt":"2025-12-20T11:45:13","slug":"fermierii-nostri-dau-faliment-nicusor-dan-ne-da-mancare-din-brazilia-rascoala-ia-amploare","status":"publish","type":"post","link":"https:\/\/247stiri.ro\/index.php\/2025\/12\/20\/fermierii-nostri-dau-faliment-nicusor-dan-ne-da-mancare-din-brazilia-rascoala-ia-amploare\/","title":{"rendered":"Fermierii no\u0219tri dau faliment, Nicu\u0219or Dan ne d\u0103 m\u00e2ncare din Brazilia. R\u0103scoala ia amploare"},"content":{"rendered":"<p>Fermierii sunt s\u0103tui de dezastrul din agricultura rom\u00e2neasc\u0103 \u0219i anun\u021b\u0103 c\u0103 luni, 22 decembrie, \u00ee\u0219i vor opri activitatea \u0219i vor ie\u0219i cu utilajele \u00een strad\u0103.\u00a0<\/p>\n<p>Ace\u0219tia contest\u0103 acordul dintre Uniunea European\u0103 \u0219i America de Sud, despre care spun c\u0103 distruge agricultura european\u0103. De asemenea, eodau vina inclusiv pe premierul Ilie Bolojan, despre care spun c\u0103 \u201enu agreeaz\u0103 agricultura din Rom\u00e2nia\u201d.<\/p>\n<p>C\u00e2t despre Nicu\u0219or Dan, fermierii din cadrul mai multor asocia\u021bii se \u00eentreab\u0103 ironic: \u201dCu cine spune pre\u0219edintele c\u0103 a discutat, c\u0103 s-a consultat \u0219i ce fermieri au fost de acord cu acea \u00een\u021belegere Mercosur?\u201d<\/p>\n<p>Reac\u021bia lor a venit la scurt timp dup\u0103 ce liderul de la Cotorceni a spus c\u0103 despre acel acord: \u201eNoi sus\u021binem, pentru c\u0103 \u00een urm\u0103 cu 3-4 luni, tocmai \u00een urma faptului c\u0103 am avut discu\u021bii cu agricultorii din Rom\u00e2nia, am avut anumite rezerve care au fost dep\u0103\u0219ite \u00een urma acelor discu\u021bii\u201d.<\/p>\n<p>Ulterior, Forumul Agricultorilor \u0219i Procesatorilor Profesioni\u0219ti din Rom\u00e2nia i-au cerut \u0219efului statului s\u0103 spun\u0103 exact cu ce fermieri a discutat, s\u0103 nu mai sus\u021bin\u0103 acordul.\u00a0<\/p>\n<p>Totodat\u0103, ei s-au declarat dezam\u0103gi\u021bi c\u0103 pre\u0219edintele a declarat c\u0103 au fost consult\u0103ri, pentru c\u0103 ei nu au fost invita\u021bi \u0219i pentru c\u0103 nu s-a discutat cu agricultorii.<\/p>\n<p>Pe de alt\u0103 parte, membrii Alian\u021bei pentru Agricultur\u0103 \u0219i Cooperare \u00eel acuz\u0103 pe pre\u0219edintele Nicu\u0219or Dan c\u0103 nu spune adev\u0103rul \u0219i sus\u021bin c\u0103 nu au existat concluzii \u0219i nici comunicare cu fermierii din Rom\u00e2nia \u0219i cer s\u0103 existe un dialog real, nu unul \u00eenchipuit.<\/p>","protected":false},"excerpt":{"rendered":"<p>Fermierii sunt s\u0103tui de dezastrul din agricultura rom\u00e2neasc\u0103 \u0219i anun\u021b\u0103 c\u0103 luni, 22 decembrie, \u00ee\u0219i&hellip;<\/p>\n","protected":false},"author":0,"featured_media":53057,"comment_status":"open","ping_status":"open","sticky":false,"template":"","format":"standard","meta":{"footnotes":""},"categories":[2],"tags":[],"class_list":["post-53056","post","type-post","status-publish","format-standard","has-post-thumbnail","hentry","category-actual"],"_links":{"self":[{"href":"https:\/\/247stiri.ro\/index.php\/wp-json\/wp\/v2\/posts\/53056","targetHints":{"allow":["GET"]}}],"collection":[{"href":"https:\/\/247stiri.ro\/index.php\/wp-json\/wp\/v2\/posts"}],"about":[{"href":"https:\/\/247stiri.ro\/index.php\/wp-json\/wp\/v2\/types\/post"}],"replies":[{"embeddable":true,"href":"https:\/\/247stiri.ro\/index.php\/wp-json\/wp\/v2\/comments?post=53056"}],"version-history":[{"count":0,"href":"https:\/\/247stiri.ro\/index.php\/wp-json\/wp\/v2\/posts\/53056\/revisions"}],"wp:featuredmedia":[{"embeddable":true,"href":"https:\/\/247stiri.ro\/index.php\/wp-json\/wp\/v2\/media\/53057"}],"wp:attachment":[{"href":"https:\/\/247stiri.ro\/index.php\/wp-json\/wp\/v2\/media?parent=53056"}],"wp:term":[{"taxonomy":"category","embeddable":true,"href":"https:\/\/247stiri.ro\/index.php\/wp-json\/wp\/v2\/categories?post=53056"},{"taxonomy":"post_tag","embeddable":true,"href":"https:\/\/247stiri.ro\/index.php\/wp-json\/wp\/v2\/tags?post=53056"}],"curies":[{"name":"wp","href":"https:\/\/api.w.org\/{rel}","templated":true}]}}