{"id":53059,"date":"2025-12-20T11:45:14","date_gmt":"2025-12-20T11:45:14","guid":{"rendered":"https:\/\/247stiri.ro\/index.php\/2025\/12\/20\/ninsori-de-craciun-si-revelion-ce-zone-sunt-vizate-sefa-anm-anuntul-momentului-despre-cum-va-fi-vremea-de-sarbatori\/"},"modified":"2025-12-20T11:45:14","modified_gmt":"2025-12-20T11:45:14","slug":"ninsori-de-craciun-si-revelion-ce-zone-sunt-vizate-sefa-anm-anuntul-momentului-despre-cum-va-fi-vremea-de-sarbatori","status":"publish","type":"post","link":"https:\/\/247stiri.ro\/index.php\/2025\/12\/20\/ninsori-de-craciun-si-revelion-ce-zone-sunt-vizate-sefa-anm-anuntul-momentului-despre-cum-va-fi-vremea-de-sarbatori\/","title":{"rendered":"Ninsori de Cr\u0103ciun \u0219i Revelion, ce zone sunt vizate. \u0218efa ANM, anun\u021bul momentului despre cum va fi vremea de s\u0103rb\u0103tori"},"content":{"rendered":"<p>\u201d\u00cenc\u0103 din 24 decembrie, ziua s\u0103rb\u0103torii Ajunului Cr\u0103ciunului, vremea se va schimba din punct de vedere termic, chiar \u0219i din punct de vedere al precipita\u021biilor.<\/p>\n<p>Precipita\u021bii \u00een cea mai mare parte a \u021b\u0103rii. \u00cen jum\u0103tatea nordic\u0103 a Moldovei, dar \u0219i la munte, precipita\u021bii predominante sub form\u0103 de ninsoare, iar \u00een Maramure\u0219 \u0219i, nu \u00een ultimul r\u00e2nd, \u00een Transilvania, <a href=\"https:\/\/www.realitatea.net\/stiri\/actual\/anm-vreme-mai-rece-decat-normalul-perioadei-pana-la-jumatatea-lunii-ianuarie-cand-sunt-asteptate-precipitatii_6944f761ca31a94b473d507a\" target=\"_blank\">precipita\u021bii mixte<\/a>. Posibil \u0219i \u00een Oltenia, Muntenia, sudul Moldovei, astfel \u00eenc\u00e2t, iat\u0103 s\u0103 avem mult a\u0219teptata ninsoare \u00een aceast\u0103 perioad\u0103.<\/p>\n<p>Cu siguran\u021b\u0103 vorbim de temperaturi maxime \u00eentre -1 \u0219i 0 grade \u00een nordul Moldovei, 10-12 grade doar pe litoral, pentru ca zilele s\u0103rb\u0103torii Cr\u0103ciunului s\u0103 fie caracterizate de o vreme chiar rece \u00een partea de sud \u0219i est a \u021b\u0103rii. Acolo unde maximele vor fi destul de cobor\u00e2te; vorbim de maxime negative de -5, -4 grade \u00een Moldova, p\u00e2n\u0103 la cel mult 5-6 grade \u00een Banat, Cri\u0219ana \u0219i Maramure\u0219.<\/p>\n<p>Iar \u00een Capital\u0103, o vreme \u00eenchis\u0103, temporar precipita\u021bii sub form\u0103 de ploaie, nu excludem s\u0103 avem \u0219i precipita\u021bii sub form\u0103 de lapovi\u021b\u0103. Sigur c\u0103 da, va depinde foarte mult de sc\u0103derea regimului de temperaturi: minime negative de -3 grade Celsius, maxime \u00een jurul a 3-4 grade\u201d, a declarat \u0219efa ANM.\u00a0<\/p>","protected":false},"excerpt":{"rendered":"<p>\u201d\u00cenc\u0103 din 24 decembrie, ziua s\u0103rb\u0103torii Ajunului Cr\u0103ciunului, vremea se va schimba din punct de&hellip;<\/p>\n","protected":false},"author":0,"featured_media":53060,"comment_status":"open","ping_status":"open","sticky":false,"template":"","format":"standard","meta":{"footnotes":""},"categories":[2],"tags":[],"class_list":["post-53059","post","type-post","status-publish","format-standard","has-post-thumbnail","hentry","category-actual"],"_links":{"self":[{"href":"https:\/\/247stiri.ro\/index.php\/wp-json\/wp\/v2\/posts\/53059","targetHints":{"allow":["GET"]}}],"collection":[{"href":"https:\/\/247stiri.ro\/index.php\/wp-json\/wp\/v2\/posts"}],"about":[{"href":"https:\/\/247stiri.ro\/index.php\/wp-json\/wp\/v2\/types\/post"}],"replies":[{"embeddable":true,"href":"https:\/\/247stiri.ro\/index.php\/wp-json\/wp\/v2\/comments?post=53059"}],"version-history":[{"count":0,"href":"https:\/\/247stiri.ro\/index.php\/wp-json\/wp\/v2\/posts\/53059\/revisions"}],"wp:featuredmedia":[{"embeddable":true,"href":"https:\/\/247stiri.ro\/index.php\/wp-json\/wp\/v2\/media\/53060"}],"wp:attachment":[{"href":"https:\/\/247stiri.ro\/index.php\/wp-json\/wp\/v2\/media?parent=53059"}],"wp:term":[{"taxonomy":"category","embeddable":true,"href":"https:\/\/247stiri.ro\/index.php\/wp-json\/wp\/v2\/categories?post=53059"},{"taxonomy":"post_tag","embeddable":true,"href":"https:\/\/247stiri.ro\/index.php\/wp-json\/wp\/v2\/tags?post=53059"}],"curies":[{"name":"wp","href":"https:\/\/api.w.org\/{rel}","templated":true}]}}