{"id":53061,"date":"2025-12-20T11:45:15","date_gmt":"2025-12-20T11:45:15","guid":{"rendered":"https:\/\/247stiri.ro\/index.php\/2025\/12\/20\/tragedie-in-judetul-dambovita-barbat-de-46-de-ani-mort-intr-un-accident-pe-dn-72\/"},"modified":"2025-12-20T11:45:15","modified_gmt":"2025-12-20T11:45:15","slug":"tragedie-in-judetul-dambovita-barbat-de-46-de-ani-mort-intr-un-accident-pe-dn-72","status":"publish","type":"post","link":"https:\/\/247stiri.ro\/index.php\/2025\/12\/20\/tragedie-in-judetul-dambovita-barbat-de-46-de-ani-mort-intr-un-accident-pe-dn-72\/","title":{"rendered":"Tragedie \u00een jude\u021bul D\u00e2mbovi\u021ba. B\u0103rbat de 46 de ani, mort \u00eentr-un accident pe DN 72"},"content":{"rendered":"<p>Pompierii din cadrul Inspectoratului pentru Situa\u021bii de Urgen\u021b\u0103 (ISU) D\u00e2mbovi\u021ba au intervenit s\u00e2mb\u0103t\u0103, \u00een jurul orei 01:15, \u00een urma unui <a href=\"https:\/\/www.realitatea.net\/stiri\/actual\/accident-grav-in-judetul-suceava-o-femeie-a-fost-ranita-dupa-ce-sa-rasturnat-cu-masina-intrun-sant_694673411a23a8160d49c242\" target=\"_blank\">accident<\/a> de circula\u021bie produs pe DN 72, \u00een satul Olteni din comuna Lucieni, anun\u021b\u0103 ISU D\u00e2mbovi\u021ba.La fa\u021ba locului, Deta\u0219amentul de Pompieri T\u00e2rgovi\u0219te a intervenit cu o autospecial\u0103 de stingere, un modul de descarcerare \u0219i o autospecial\u0103 SMURD, sprijinite \u0219i de o autospecial\u0103 a Serviciului Jude\u021bean de Ambulan\u021b\u0103 (SAJ) D\u00e2mbovi\u021ba.<\/p>\n<p>\u201dLa fa\u021ba locului a fost identificat un autoturism ie\u0219it \u00een afara p\u0103r\u021bii carosabile \u0219i o victim\u0103, b\u0103rbat de 46 de ani, incon\u0219tient\u0103.<\/p>\n<p>Aceasta a fost predat\u0103 echipajelor medicale, care au \u00eenceput manevre de resuscitare. Din nefericire, \u00een pofida eforturilor depuse, victima nu a r\u0103spuns manevrelor de resuscitare efectuate, fiind declarat decesul de c\u0103tre echipajul SAJ D\u00e2mbovi\u021ba\u201d, a transmis ISU D\u00e2mbovi\u021ba.<\/p>\n<p>Pompierii au asigurat m\u0103surile de prevenire \u0219i stingere a incendiilor, iar autorit\u0103\u021bile desf\u0103\u0219oar\u0103 \u00een continuare cercet\u0103ri pentru stabilirea circumstan\u021belor \u00een care a avut loc evenimentul rutier.\u00a0<\/p>","protected":false},"excerpt":{"rendered":"<p>Pompierii din cadrul Inspectoratului pentru Situa\u021bii de Urgen\u021b\u0103 (ISU) D\u00e2mbovi\u021ba au intervenit s\u00e2mb\u0103t\u0103, \u00een jurul&hellip;<\/p>\n","protected":false},"author":0,"featured_media":53062,"comment_status":"open","ping_status":"open","sticky":false,"template":"","format":"standard","meta":{"footnotes":""},"categories":[2],"tags":[],"class_list":["post-53061","post","type-post","status-publish","format-standard","has-post-thumbnail","hentry","category-actual"],"_links":{"self":[{"href":"https:\/\/247stiri.ro\/index.php\/wp-json\/wp\/v2\/posts\/53061","targetHints":{"allow":["GET"]}}],"collection":[{"href":"https:\/\/247stiri.ro\/index.php\/wp-json\/wp\/v2\/posts"}],"about":[{"href":"https:\/\/247stiri.ro\/index.php\/wp-json\/wp\/v2\/types\/post"}],"replies":[{"embeddable":true,"href":"https:\/\/247stiri.ro\/index.php\/wp-json\/wp\/v2\/comments?post=53061"}],"version-history":[{"count":0,"href":"https:\/\/247stiri.ro\/index.php\/wp-json\/wp\/v2\/posts\/53061\/revisions"}],"wp:featuredmedia":[{"embeddable":true,"href":"https:\/\/247stiri.ro\/index.php\/wp-json\/wp\/v2\/media\/53062"}],"wp:attachment":[{"href":"https:\/\/247stiri.ro\/index.php\/wp-json\/wp\/v2\/media?parent=53061"}],"wp:term":[{"taxonomy":"category","embeddable":true,"href":"https:\/\/247stiri.ro\/index.php\/wp-json\/wp\/v2\/categories?post=53061"},{"taxonomy":"post_tag","embeddable":true,"href":"https:\/\/247stiri.ro\/index.php\/wp-json\/wp\/v2\/tags?post=53061"}],"curies":[{"name":"wp","href":"https:\/\/api.w.org\/{rel}","templated":true}]}}