{"id":53063,"date":"2025-12-20T12:45:12","date_gmt":"2025-12-20T12:45:12","guid":{"rendered":"https:\/\/247stiri.ro\/index.php\/2025\/12\/20\/incident-tragic-in-timis-un-barbat-a-murit-iar-altul-a-fost-ranit-dupa-ce-au-ce-au-cazut-de-pe-o-schela\/"},"modified":"2025-12-20T12:45:12","modified_gmt":"2025-12-20T12:45:12","slug":"incident-tragic-in-timis-un-barbat-a-murit-iar-altul-a-fost-ranit-dupa-ce-au-ce-au-cazut-de-pe-o-schela","status":"publish","type":"post","link":"https:\/\/247stiri.ro\/index.php\/2025\/12\/20\/incident-tragic-in-timis-un-barbat-a-murit-iar-altul-a-fost-ranit-dupa-ce-au-ce-au-cazut-de-pe-o-schela\/","title":{"rendered":"Incident tragic \u00een Timi\u0219. Un b\u0103rbat a murit, iar altul a fost r\u0103nit, dup\u0103 ce au ce au c\u0103zut de pe o schel\u0103"},"content":{"rendered":"<p>Tragedia s-a petrecut \u00een localitatea Jebel din jude\u0163ul Timi\u015f, unde poli\u021bi\u0219tii au fost sesiza\u021bi c\u0103 \u00een timpul efectu\u0103rii unor lucr\u0103ri de repara\u0163ii la o cl\u0103dire, dou\u0103 persoane au c\u0103zut de pe o schel\u0103, una dintre acestea fiind incon\u015ftient\u0103.\u201ePoli\u0163i\u015ftii s-au deplasat de \u00eendat\u0103 la fa\u0163a locului, unde au constatat c\u0103 aspectele sesizate se confirm\u0103, fiind vorba despre doi b\u0103rba\u0163i, \u00een v\u00e2rst\u0103 de 45 \u015fi 34 de ani. La fa\u0163a locului au intervenit echipaje medicale, care au acordat m\u0103surile de prim-ajutor.<\/p>\n<p>Din p\u0103cate, a fost constatat <a href=\"https:\/\/www.realitatea.net\/stiri\/actual\/tragedie-in-judetul-dambovita-barbat-de-46-de-ani-mort-intrun-accident-pe-dn-72_69467e0a39113c7feb20ec82\" target=\"_blank\">decesul<\/a> b\u0103rbatului de 45 de ani, iar cealalt\u0103 persoan\u0103 a fost transportat\u0103 la spital \u00een stare grav\u0103, pentru acordarea \u00eengrijirilor medicale de specialitate\u201d, au transmis oficialii Poli\u0163iei Timi\u015f.<\/p>\n<p>\u00cen urma incidentului au fost efectuate verific\u0103ri privind condi\u0163iile de munc\u0103 \u015fi \u00eemprejur\u0103rile \u00een care s-a produs tragedia.<\/p>\n<p>Surse din cadrul anchetei spun c\u0103 verific\u0103rile preliminare arat\u0103 c\u0103 b\u0103rbatul care a murit lucra f\u0103r\u0103 forme legale, reprezentan\u0163ii firmei pentru care muncea sus\u0163in\u00e2nd c\u0103 urma ca actele s\u0103 fie \u00eentocmite \u015fi depuse. Cei doi munceau la repararea unui imobil cu destina\u0163ia gr\u0103dini\u0163\u0103.<\/p>\n<p>\u00cen acest caz, poli\u0163i\u015ftii au deschis dosar penal care vizeaz\u0103 infrac\u0163iuni de nerespectarea m\u0103surilor de securitate \u015fi s\u0103n\u0103tate \u00een munc\u0103, neluarea m\u0103surilor de securitate \u015fi s\u0103n\u0103tate \u00een munc\u0103, v\u0103t\u0103mare corporal\u0103 din culp\u0103 \u015fi ucidere din culp\u0103, urm\u00e2nd a fi stabilite toate \u00eemprejur\u0103rile producerii evenimentului.<\/p>","protected":false},"excerpt":{"rendered":"<p>Tragedia s-a petrecut \u00een localitatea Jebel din jude\u0163ul Timi\u015f, unde poli\u021bi\u0219tii au fost sesiza\u021bi c\u0103&hellip;<\/p>\n","protected":false},"author":0,"featured_media":53064,"comment_status":"open","ping_status":"open","sticky":false,"template":"","format":"standard","meta":{"footnotes":""},"categories":[2],"tags":[],"class_list":["post-53063","post","type-post","status-publish","format-standard","has-post-thumbnail","hentry","category-actual"],"_links":{"self":[{"href":"https:\/\/247stiri.ro\/index.php\/wp-json\/wp\/v2\/posts\/53063","targetHints":{"allow":["GET"]}}],"collection":[{"href":"https:\/\/247stiri.ro\/index.php\/wp-json\/wp\/v2\/posts"}],"about":[{"href":"https:\/\/247stiri.ro\/index.php\/wp-json\/wp\/v2\/types\/post"}],"replies":[{"embeddable":true,"href":"https:\/\/247stiri.ro\/index.php\/wp-json\/wp\/v2\/comments?post=53063"}],"version-history":[{"count":0,"href":"https:\/\/247stiri.ro\/index.php\/wp-json\/wp\/v2\/posts\/53063\/revisions"}],"wp:featuredmedia":[{"embeddable":true,"href":"https:\/\/247stiri.ro\/index.php\/wp-json\/wp\/v2\/media\/53064"}],"wp:attachment":[{"href":"https:\/\/247stiri.ro\/index.php\/wp-json\/wp\/v2\/media?parent=53063"}],"wp:term":[{"taxonomy":"category","embeddable":true,"href":"https:\/\/247stiri.ro\/index.php\/wp-json\/wp\/v2\/categories?post=53063"},{"taxonomy":"post_tag","embeddable":true,"href":"https:\/\/247stiri.ro\/index.php\/wp-json\/wp\/v2\/tags?post=53063"}],"curies":[{"name":"wp","href":"https:\/\/api.w.org\/{rel}","templated":true}]}}