{"id":53065,"date":"2025-12-20T12:45:13","date_gmt":"2025-12-20T12:45:13","guid":{"rendered":"https:\/\/247stiri.ro\/index.php\/2025\/12\/20\/uniunea-militarilor-si-politistilor-mihai-viteazul-un-act-de-reconciliere-si-onoare-pentru-revolutia-de-la-timisoara\/"},"modified":"2025-12-20T12:45:13","modified_gmt":"2025-12-20T12:45:13","slug":"uniunea-militarilor-si-politistilor-mihai-viteazul-un-act-de-reconciliere-si-onoare-pentru-revolutia-de-la-timisoara","status":"publish","type":"post","link":"https:\/\/247stiri.ro\/index.php\/2025\/12\/20\/uniunea-militarilor-si-politistilor-mihai-viteazul-un-act-de-reconciliere-si-onoare-pentru-revolutia-de-la-timisoara\/","title":{"rendered":"Uniunea Militarilor \u0219i Poli\u021bi\u0219tilor \u201dMihai Viteazul\u201d: Un act de reconciliere \u0219i onoare pentru Revolu\u021bia de la Timi\u0219oara"},"content":{"rendered":"<p>La Timi\u0219oara, Asocia\u021bia Revolu\u021bionarilor, condus\u0103 de\u00a0Traian Orban,\u00a0r\u0103m\u0103sese f\u0103r\u0103 sediu dup\u0103 retrocedarea imobilului. Ca gest de respect \u0219i reconciliere, Armata Rom\u00e2n\u0103 a pus imediat la dispozi\u021bie un sediu.<\/p>\n<p>Memorie asumat\u0103, monument al demnit\u0103\u021bii<\/p>\n<p>Cei 44 de eroi ai Timi\u0219oarei au fost transporta\u021bi clandestin la Bucure\u0219ti \u00een decembrie 1989, incinera\u021bi, iar cenu\u0219a lor aruncat\u0103 \u00eentr-un canal colector din zona Pope\u0219ti-Leordeni. Pentru a transforma trauma \u00een memorie vie, a fost ridicat\u0103 o biseric\u0103 maramure\u0219ean\u0103 de lemn, construit\u0103 pe piloni, deasupra canalului colector, potrivit <a href=\"https:\/\/umpmv.eu\/un-act-de-reconciliere-si-onoare-pentru-revolutia-de-la-timisoara\/\" target=\"_blank\">Uniunii Militarilor si Politistilor &#8222;Mihai Viteazul&#8221;.<\/a><\/p>\n<p>Monumentul a fost realizat prin:<\/p>\n<p>contribu\u021bia personal\u0103 a ministrului apararii nationale Gabriel Oprea;sprijinul prefectului de Ilfov Dan Baranga;implicarea primarului Voluntari Florentin Pandele;aportul generalului Gheorghe Emacu;contribu\u021bia financiar\u0103 \u0219i punerea la dispozi\u021bie a terenului aflat \u00een proprietate personal\u0103 de c\u0103tre primarul Petre Iacob.<\/p>\n<p>Valoarea investi\u021biei a dep\u0103\u0219it 200.000 \u20ac.<\/p>\n<p>Ast\u0103zi, Biserica-Monument de la Pope\u0219ti-Leordeni este loc de pelerinaj. Anual, delega\u021bii ale revolu\u021bionarilor din Timi\u0219oara \u0219i Bucure\u0219ti, conduse de Teodor M\u0103rie\u0219, comemoreaz\u0103 eroii.<\/p>\n<p>\u00cen anul 2010, \u00een calitate de ministru al Ap\u0103r\u0103rii Na\u021bionale, m-am deplasat la Timi\u0219oara, ora\u0219-simbol al Revolu\u021biei Rom\u00e2ne din Decembrie 1989, unde exista \u00eenc\u0103 o ran\u0103 deschis\u0103 \u00eentre o parte a revolu\u021bionarilor \u0219i Armata Rom\u00e2n\u0103, legat\u0103 de evenimentele tragice soldate cu 44 de mor\u021bi.<\/p>\n<p>Asocia\u021bia Memorialul Revolu\u021biei din Timi\u0219oara era condus\u0103 de Traian Orban, revolu\u021bionar autentic, r\u0103nit \u00een Revolu\u021bie, reprezentant legitim al memoriei \u0219i suferin\u021bei acelor zile. Situa\u021bia nu era una juridic\u0103, ci una profund moral\u0103, care afecta memoria Revolu\u021biei \u0219i coeziunea societ\u0103\u021bii.<\/p>\n<p>Am considerat c\u0103 este de datoria mea s\u0103 ac\u021bionez pentru reconciliere, prin dialog direct, prin recunoa\u0219terea durerii familiilor victimelor \u0219i printr-un demers de clarificare istoric\u0103, f\u0103r\u0103 acuza\u021bii colective \u0219i f\u0103r\u0103 deformarea adev\u0103rului. Scopul a fost vindecarea unei r\u0103ni a Revolu\u021biei, nu redeschiderea ei.<\/p>\n<p>Revolu\u021bia Rom\u00e2n\u0103 nu a fost despre ur\u0103 \u00eentre rom\u00e2ni, ci despre curaj, speran\u021b\u0103 \u0219i solidaritate. \u00cen cele mai grele momente, \u00een fa\u021ba mor\u021bii, revolu\u021bionarii din Timi\u0219oara, din Bucure\u0219ti \u0219i din toat\u0103 \u021bara au strigat simbolul care a r\u0103mas \u00een istorie:\u00a0Armata e cu noi!<\/p>\n<p>Acesta este simbolul autentic al Revolu\u021biei Rom\u00e2ne \u0219i expresia unit\u0103\u021bii dintre popor \u0219i Armat\u0103.\u00a0Sistemul de valori al Armatei Rom\u00e2ne \u0219i al poporului rom\u00e2n este \u0219i va r\u0103m\u00e2ne:<\/p>\n<p>Dumnezeu \u2022 Patrie \u2022 Familie \u2022 Onoare<\/p>","protected":false},"excerpt":{"rendered":"<p>La Timi\u0219oara, Asocia\u021bia Revolu\u021bionarilor, condus\u0103 de\u00a0Traian Orban,\u00a0r\u0103m\u0103sese f\u0103r\u0103 sediu dup\u0103 retrocedarea imobilului. Ca gest de&hellip;<\/p>\n","protected":false},"author":0,"featured_media":53066,"comment_status":"open","ping_status":"open","sticky":false,"template":"","format":"standard","meta":{"footnotes":""},"categories":[2],"tags":[],"class_list":["post-53065","post","type-post","status-publish","format-standard","has-post-thumbnail","hentry","category-actual"],"_links":{"self":[{"href":"https:\/\/247stiri.ro\/index.php\/wp-json\/wp\/v2\/posts\/53065","targetHints":{"allow":["GET"]}}],"collection":[{"href":"https:\/\/247stiri.ro\/index.php\/wp-json\/wp\/v2\/posts"}],"about":[{"href":"https:\/\/247stiri.ro\/index.php\/wp-json\/wp\/v2\/types\/post"}],"replies":[{"embeddable":true,"href":"https:\/\/247stiri.ro\/index.php\/wp-json\/wp\/v2\/comments?post=53065"}],"version-history":[{"count":0,"href":"https:\/\/247stiri.ro\/index.php\/wp-json\/wp\/v2\/posts\/53065\/revisions"}],"wp:featuredmedia":[{"embeddable":true,"href":"https:\/\/247stiri.ro\/index.php\/wp-json\/wp\/v2\/media\/53066"}],"wp:attachment":[{"href":"https:\/\/247stiri.ro\/index.php\/wp-json\/wp\/v2\/media?parent=53065"}],"wp:term":[{"taxonomy":"category","embeddable":true,"href":"https:\/\/247stiri.ro\/index.php\/wp-json\/wp\/v2\/categories?post=53065"},{"taxonomy":"post_tag","embeddable":true,"href":"https:\/\/247stiri.ro\/index.php\/wp-json\/wp\/v2\/tags?post=53065"}],"curies":[{"name":"wp","href":"https:\/\/api.w.org\/{rel}","templated":true}]}}