{"id":53067,"date":"2025-12-20T13:45:13","date_gmt":"2025-12-20T13:45:13","guid":{"rendered":"https:\/\/247stiri.ro\/index.php\/2025\/12\/20\/iubitul-rodicai-stanoiu-nu-a-fost-prezent-la-reinumare-unde-se-afla-marius-calota-noi-detalii\/"},"modified":"2025-12-20T13:45:13","modified_gmt":"2025-12-20T13:45:13","slug":"iubitul-rodicai-stanoiu-nu-a-fost-prezent-la-reinumare-unde-se-afla-marius-calota-noi-detalii","status":"publish","type":"post","link":"https:\/\/247stiri.ro\/index.php\/2025\/12\/20\/iubitul-rodicai-stanoiu-nu-a-fost-prezent-la-reinumare-unde-se-afla-marius-calota-noi-detalii\/","title":{"rendered":"Iubitul Rodic\u0103i St\u0103noiu nu a fost prezent la re\u00eenumare. Unde se afla Marius Calot\u0103, noi detalii"},"content":{"rendered":"<p>Dup\u0103 ce Marius Calot\u0103 nu a fost l\u0103sat s\u0103 ridice trupul ne\u00eensufle\u021bit de la INML pe motiv c\u0103 nu avea drept legal pentru c\u0103 nu erau c\u0103s\u0103tori\u021bi, acesta nu ar fi participat nici la re\u00eenhumarea fostei ministre.<\/p>\n<p>Mai mult, Calot\u0103 ar fi fost v\u0103zut \u00een timp ce \u00ee\u0219i parca ma\u0219ina \u00een fa\u021ba vilei \u00een care <a href=\"https:\/\/www.realitatea.net\/stiri\/actual\/cum-se-va-imparti-averea-rodicai-stanoiu-la-cine-ajung-vilele_69453ca8adafa521f66a4cd8\" target=\"_blank\">Rodica St\u0103noiu <\/a>\u0219i-a petrecut ultima parte a vie\u021bii.<\/p>\n<p>De re\u00eenhumarea fostei ministre s-a ocupat nepoata acesteia, \u00een timp ce Marius Calot\u0103 a a\u0219teptat finalizarea procedurilor retras \u00eentr-o ma\u0219in\u0103, \u00een fa\u021b\u0103 la INML.\u00a0<\/p>\n<p>La cimitir, nepoata a stat l\u00e2ng\u0103 cavoul ei p\u00e2n\u0103 a fost \u00eengropat\u0103, iar apoi a depus un buchet mare de trandafiri ro\u0219ii. Ceremonia a fost una foarte discret\u0103 \u0219i au participat pu\u021bini oameni.<\/p>\n<p>Potrivit testamentului l\u0103sat de fosta judec\u0103toare, presupusul iubit cu 50 de ani mai t\u00e2n\u0103r se va alege at\u00e2t cu vila din Tunari, c\u00e2t \u0219i cu cea din N\u0103vodari. Mai mult, t\u00e2n\u0103rul de 33 de ani va primi cele dou\u0103 ma\u0219ini ale femeii \u0219i locul de veci din Cimitirul Izvorul Nou.<\/p>\n<p>\u00cen plus, 5% din banii afla\u021bi \u00een conturile Rodic\u0103i St\u0103noiu vor ajunge la Marius Calot\u0103. \u00a0<\/p>","protected":false},"excerpt":{"rendered":"<p>Dup\u0103 ce Marius Calot\u0103 nu a fost l\u0103sat s\u0103 ridice trupul ne\u00eensufle\u021bit de la INML&hellip;<\/p>\n","protected":false},"author":0,"featured_media":53068,"comment_status":"open","ping_status":"open","sticky":false,"template":"","format":"standard","meta":{"footnotes":""},"categories":[2],"tags":[],"class_list":["post-53067","post","type-post","status-publish","format-standard","has-post-thumbnail","hentry","category-actual"],"_links":{"self":[{"href":"https:\/\/247stiri.ro\/index.php\/wp-json\/wp\/v2\/posts\/53067","targetHints":{"allow":["GET"]}}],"collection":[{"href":"https:\/\/247stiri.ro\/index.php\/wp-json\/wp\/v2\/posts"}],"about":[{"href":"https:\/\/247stiri.ro\/index.php\/wp-json\/wp\/v2\/types\/post"}],"replies":[{"embeddable":true,"href":"https:\/\/247stiri.ro\/index.php\/wp-json\/wp\/v2\/comments?post=53067"}],"version-history":[{"count":0,"href":"https:\/\/247stiri.ro\/index.php\/wp-json\/wp\/v2\/posts\/53067\/revisions"}],"wp:featuredmedia":[{"embeddable":true,"href":"https:\/\/247stiri.ro\/index.php\/wp-json\/wp\/v2\/media\/53068"}],"wp:attachment":[{"href":"https:\/\/247stiri.ro\/index.php\/wp-json\/wp\/v2\/media?parent=53067"}],"wp:term":[{"taxonomy":"category","embeddable":true,"href":"https:\/\/247stiri.ro\/index.php\/wp-json\/wp\/v2\/categories?post=53067"},{"taxonomy":"post_tag","embeddable":true,"href":"https:\/\/247stiri.ro\/index.php\/wp-json\/wp\/v2\/tags?post=53067"}],"curies":[{"name":"wp","href":"https:\/\/api.w.org\/{rel}","templated":true}]}}