{"id":53073,"date":"2025-12-20T14:45:23","date_gmt":"2025-12-20T14:45:23","guid":{"rendered":"https:\/\/247stiri.ro\/index.php\/2025\/12\/20\/incident-aviatic-un-avion-de-la-londra-care-trebuia-sa-ajunga-la-suceava-a-aterizat-fortat-la-timisoara\/"},"modified":"2025-12-20T14:45:23","modified_gmt":"2025-12-20T14:45:23","slug":"incident-aviatic-un-avion-de-la-londra-care-trebuia-sa-ajunga-la-suceava-a-aterizat-fortat-la-timisoara","status":"publish","type":"post","link":"https:\/\/247stiri.ro\/index.php\/2025\/12\/20\/incident-aviatic-un-avion-de-la-londra-care-trebuia-sa-ajunga-la-suceava-a-aterizat-fortat-la-timisoara\/","title":{"rendered":"Incident aviatic. Un avion de la Londra care trebuia s\u0103 ajung\u0103 la Suceava a aterizat for\u021bat la Timi\u0219oara"},"content":{"rendered":"<p>Vremea extrem\u0103 a dat peste cap traficul aerian \u00een \u00eentreaga regiune a Moldovei \u00een ultimele 24 de ore. Din cauza ce\u021bii dense, care a redus vizibilitatea sub limitele de siguran\u021b\u0103, zeci de curse au fost anulate sau redirec\u021bionate c\u0103tre alte col\u021buri ale \u021b\u0103rii, transform\u00e2nd c\u0103l\u0103toriile de c\u00e2teva ore \u00een adev\u0103rate probe de rezisten\u021b\u0103 pentru pasageri.<\/p>\n<p>Zboruri deviate la sute de kilometri distan\u021b\u0103<\/p>\n<p>Potrivit Consiliului Jude\u021bean Suceava, \u00een intervalul 19-20 decembrie, doar trei aeronave au reu\u0219it s\u0103 aterizeze pe pista local\u0103. Restul curselor au fost rerutate c\u0103tre ora\u0219e unde condi\u021biile meteo au permis operarea:<\/p>\n<p>Londra \u2013 Suceava: Avionul a aterizat la Timi\u0219oara, pasagerii fiind nevoi\u021bi s\u0103 parcurg\u0103 peste 600 km cu autocarul.<\/p>\n<p>Milano \u0219i Bruxelles: Zborurile au fost redirec\u021bionate c\u0103tre Cluj-Napoca.<\/p>\n<p>Memmingen: Cursa a fost trimis\u0103 la Sibiu.<\/p>\n<p>Suceava \u2013 Londra: Zborul a fost anulat complet, l\u0103s\u00e2nd pasagerii \u00een a\u0219teptarea unei reprogram\u0103ri.<\/p>\n<p>Situa\u021bie critic\u0103 \u0219i la Ia\u0219i<\/p>\n<p>Nici Aeroportul Ia\u0219i nu a sc\u0103pat de furia naturii. S\u00e2mb\u0103t\u0103, \u00een jurul orei 16:00, o aeronav\u0103 Ryanair care venea de la Bucure\u0219ti a \u00eencercat de dou\u0103 ori s\u0103 aterizeze, \u00eens\u0103 vizibilitatea sc\u0103zut\u0103 a for\u021bat pilo\u021bii s\u0103 abandoneze manevra. Codul galben de cea\u021b\u0103 pentru jude\u021bele Ia\u0219i, Suceava \u0219i Bac\u0103u a fost prelungit, men\u021bin\u00e2nd starea de incertitudine pentru sute de c\u0103l\u0103tori.<\/p>","protected":false},"excerpt":{"rendered":"<p>Vremea extrem\u0103 a dat peste cap traficul aerian \u00een \u00eentreaga regiune a Moldovei \u00een ultimele&hellip;<\/p>\n","protected":false},"author":0,"featured_media":53074,"comment_status":"open","ping_status":"open","sticky":false,"template":"","format":"standard","meta":{"footnotes":""},"categories":[2],"tags":[],"class_list":["post-53073","post","type-post","status-publish","format-standard","has-post-thumbnail","hentry","category-actual"],"_links":{"self":[{"href":"https:\/\/247stiri.ro\/index.php\/wp-json\/wp\/v2\/posts\/53073","targetHints":{"allow":["GET"]}}],"collection":[{"href":"https:\/\/247stiri.ro\/index.php\/wp-json\/wp\/v2\/posts"}],"about":[{"href":"https:\/\/247stiri.ro\/index.php\/wp-json\/wp\/v2\/types\/post"}],"replies":[{"embeddable":true,"href":"https:\/\/247stiri.ro\/index.php\/wp-json\/wp\/v2\/comments?post=53073"}],"version-history":[{"count":0,"href":"https:\/\/247stiri.ro\/index.php\/wp-json\/wp\/v2\/posts\/53073\/revisions"}],"wp:featuredmedia":[{"embeddable":true,"href":"https:\/\/247stiri.ro\/index.php\/wp-json\/wp\/v2\/media\/53074"}],"wp:attachment":[{"href":"https:\/\/247stiri.ro\/index.php\/wp-json\/wp\/v2\/media?parent=53073"}],"wp:term":[{"taxonomy":"category","embeddable":true,"href":"https:\/\/247stiri.ro\/index.php\/wp-json\/wp\/v2\/categories?post=53073"},{"taxonomy":"post_tag","embeddable":true,"href":"https:\/\/247stiri.ro\/index.php\/wp-json\/wp\/v2\/tags?post=53073"}],"curies":[{"name":"wp","href":"https:\/\/api.w.org\/{rel}","templated":true}]}}