{"id":53114,"date":"2025-12-20T19:44:55","date_gmt":"2025-12-20T19:44:55","guid":{"rendered":"https:\/\/247stiri.ro\/index.php\/2025\/12\/20\/taxa-de-nastere-la-spitalul-judetean-suceava-orice-document-medical-eliberat-la-cerere-va-costa-10-lei\/"},"modified":"2025-12-20T19:44:55","modified_gmt":"2025-12-20T19:44:55","slug":"taxa-de-nastere-la-spitalul-judetean-suceava-orice-document-medical-eliberat-la-cerere-va-costa-10-lei","status":"publish","type":"post","link":"https:\/\/247stiri.ro\/index.php\/2025\/12\/20\/taxa-de-nastere-la-spitalul-judetean-suceava-orice-document-medical-eliberat-la-cerere-va-costa-10-lei\/","title":{"rendered":"Tax\u0103 de na\u0219tere la Spitalul Jude\u021bean Suceava. Orice document medical eliberat la cerere va costa 10 lei"},"content":{"rendered":"<p>Spitalul Jude\u021bean \u201eSf. Ioan cel Nou\u201d din Suceava va introduce o tax\u0103 simbolic\u0103 de 10 lei pentru eliberarea documentelor care atest\u0103 ora na\u0219terii sau a altor date cu caracter medical \u0219i personal din arhiva institu\u021biei. Precizarea vine s\u0103 corecteze o eroare material\u0103 ap\u0103rut\u0103 \u00een proiectul ini\u021bial aflat \u00een dezbatere public\u0103, unde suma fusese trecut\u0103 eronat ca fiind de 100 de lei. Rectificarea oficial\u0103 urmeaz\u0103 s\u0103 fie votat\u0103 \u00een \u0219edin\u021ba Consiliului Jude\u021bean din 23 decembrie.<\/p>\n<p>Decizia de a taxa aceste solicit\u0103ri a fost determinat\u0103 de cre\u0219terea num\u0103rului de cereri, multe dintre ele av\u00e2nd scopuri neobi\u0219nuite pentru mediul medical. Reprezentan\u021bii spitalului admit c\u0103, de\u0219i este dreptul fiec\u0103rei persoane s\u0103 \u00ee\u0219i cunoasc\u0103 datele personale, eliberarea acestor informa\u021bii \u2014 folosite adesea de p\u0103rin\u021bi pentru realizarea de astrograme sau calcule astrologice \u2014 implic\u0103 un efort administrativ de c\u0103utare \u00een arhiv\u0103, mai ales pentru na\u0219terile care au avut loc cu luni sau ani \u00een urm\u0103.<\/p>\n<p>Purt\u0103torul de cuv\u00e2nt al unit\u0103\u021bii sanitare, Tiberiu Br\u0103d\u0103\u021ban, a explicat c\u0103 taxa de 10 lei este unitar\u0103 pentru orice tip de eliberare de documente solicitate \u00een mod expres de pacien\u021bi sau apar\u021bin\u0103tori. M\u0103sura nu vizeaz\u0103 \u00eengreunarea accesului la informa\u021bii, ci alinierea la costurile de procesare a datelor cu caracter personal practicate \u0219i \u00een cazul altor documente administrative furnizate de spital.<\/p>","protected":false},"excerpt":{"rendered":"<p>Spitalul Jude\u021bean \u201eSf. Ioan cel Nou\u201d din Suceava va introduce o tax\u0103 simbolic\u0103 de 10&hellip;<\/p>\n","protected":false},"author":0,"featured_media":53115,"comment_status":"open","ping_status":"open","sticky":false,"template":"","format":"standard","meta":{"footnotes":""},"categories":[2],"tags":[],"class_list":["post-53114","post","type-post","status-publish","format-standard","has-post-thumbnail","hentry","category-actual"],"_links":{"self":[{"href":"https:\/\/247stiri.ro\/index.php\/wp-json\/wp\/v2\/posts\/53114","targetHints":{"allow":["GET"]}}],"collection":[{"href":"https:\/\/247stiri.ro\/index.php\/wp-json\/wp\/v2\/posts"}],"about":[{"href":"https:\/\/247stiri.ro\/index.php\/wp-json\/wp\/v2\/types\/post"}],"replies":[{"embeddable":true,"href":"https:\/\/247stiri.ro\/index.php\/wp-json\/wp\/v2\/comments?post=53114"}],"version-history":[{"count":0,"href":"https:\/\/247stiri.ro\/index.php\/wp-json\/wp\/v2\/posts\/53114\/revisions"}],"wp:featuredmedia":[{"embeddable":true,"href":"https:\/\/247stiri.ro\/index.php\/wp-json\/wp\/v2\/media\/53115"}],"wp:attachment":[{"href":"https:\/\/247stiri.ro\/index.php\/wp-json\/wp\/v2\/media?parent=53114"}],"wp:term":[{"taxonomy":"category","embeddable":true,"href":"https:\/\/247stiri.ro\/index.php\/wp-json\/wp\/v2\/categories?post=53114"},{"taxonomy":"post_tag","embeddable":true,"href":"https:\/\/247stiri.ro\/index.php\/wp-json\/wp\/v2\/tags?post=53114"}],"curies":[{"name":"wp","href":"https:\/\/api.w.org\/{rel}","templated":true}]}}