{"id":53116,"date":"2025-12-20T19:44:56","date_gmt":"2025-12-20T19:44:56","guid":{"rendered":"https:\/\/247stiri.ro\/index.php\/2025\/12\/20\/de-ce-vrea-ciucu-ca-primaria-capitalei-sa-devina-proprietarul-elcen-suntem-principalul-lor-client\/"},"modified":"2025-12-20T19:44:56","modified_gmt":"2025-12-20T19:44:56","slug":"de-ce-vrea-ciucu-ca-primaria-capitalei-sa-devina-proprietarul-elcen-suntem-principalul-lor-client","status":"publish","type":"post","link":"https:\/\/247stiri.ro\/index.php\/2025\/12\/20\/de-ce-vrea-ciucu-ca-primaria-capitalei-sa-devina-proprietarul-elcen-suntem-principalul-lor-client\/","title":{"rendered":"De ce vrea Ciucu ca Prim\u0103ria Capitalei s\u0103 devin\u0103 proprietarul Elcen: \u201eSuntem principalul lor client\u201d"},"content":{"rendered":"<p>Primarul General al Capitalei a lansat un avertisment dur cu privire la viitorul serviciilor de utilit\u0103\u021bi din Bucure\u0219ti, subliniind c\u0103 situa\u021bia financiar\u0103 a ajuns \u00eentr-un punct critic. Edilul a explicat c\u0103 o eventual\u0103 intrare \u00een insolven\u021b\u0103 a Termoenergetica ar fi echivalent\u0103 cu falimentul automat, av\u00e2nd \u00een vedere c\u0103 societatea a mai trecut printr-o procedur\u0103 similar\u0103. \u00cen acest context, primarul solicit\u0103 o implicare direct\u0103 a Ministerului Energiei \u0219i a conducerii ELCEN pentru a renegocia structura costurilor \u0219i a produc\u021biei.<\/p>\n<p>Conform viziunii edilului, subordonarea ELCEN c\u0103tre Prim\u0103ria Capitalei este singura solu\u021bie logic\u0103, av\u00e2nd \u00een vedere c\u0103 municipalitatea este principalul client al produc\u0103torului de agent termic. Acesta a criticat actualul model de business al ELCEN, care prioritizeaz\u0103 energia electric\u0103 \u00een detrimentul celei termice, avertiz\u00e2nd c\u0103 f\u0103r\u0103 colaborarea cu Prim\u0103ria, compania de stat s-ar confrunta ea \u00eens\u0103\u0219i cu falimentul.<\/p>\n<p>\u00cen ceea ce prive\u0219te transportul public, primarul a condi\u021bionat eficientizarea STB de o comunicare deschis\u0103 cu sindicatele. Acesta a transmis un mesaj clar liderilor sindicali: colaborarea pentru reorganizarea societ\u0103\u021bii sub egida Prim\u0103riei este de preferat \u00een locul discu\u021biilor cu un judec\u0103tor sindic \u00een cadrul unei proceduri de insolven\u021b\u0103. Imaginea final\u0103 asupra restructur\u0103rii STB va fi conturat\u0103 dup\u0103 consult\u0103ri extinse cu Ministerul Finan\u021belor \u0219i reprezentan\u021bii angaja\u021bilor.<\/p>","protected":false},"excerpt":{"rendered":"<p>Primarul General al Capitalei a lansat un avertisment dur cu privire la viitorul serviciilor de&hellip;<\/p>\n","protected":false},"author":0,"featured_media":53111,"comment_status":"open","ping_status":"open","sticky":false,"template":"","format":"standard","meta":{"footnotes":""},"categories":[2],"tags":[],"class_list":["post-53116","post","type-post","status-publish","format-standard","has-post-thumbnail","hentry","category-actual"],"_links":{"self":[{"href":"https:\/\/247stiri.ro\/index.php\/wp-json\/wp\/v2\/posts\/53116","targetHints":{"allow":["GET"]}}],"collection":[{"href":"https:\/\/247stiri.ro\/index.php\/wp-json\/wp\/v2\/posts"}],"about":[{"href":"https:\/\/247stiri.ro\/index.php\/wp-json\/wp\/v2\/types\/post"}],"replies":[{"embeddable":true,"href":"https:\/\/247stiri.ro\/index.php\/wp-json\/wp\/v2\/comments?post=53116"}],"version-history":[{"count":0,"href":"https:\/\/247stiri.ro\/index.php\/wp-json\/wp\/v2\/posts\/53116\/revisions"}],"wp:featuredmedia":[{"embeddable":true,"href":"https:\/\/247stiri.ro\/index.php\/wp-json\/wp\/v2\/media\/53111"}],"wp:attachment":[{"href":"https:\/\/247stiri.ro\/index.php\/wp-json\/wp\/v2\/media?parent=53116"}],"wp:term":[{"taxonomy":"category","embeddable":true,"href":"https:\/\/247stiri.ro\/index.php\/wp-json\/wp\/v2\/categories?post=53116"},{"taxonomy":"post_tag","embeddable":true,"href":"https:\/\/247stiri.ro\/index.php\/wp-json\/wp\/v2\/tags?post=53116"}],"curies":[{"name":"wp","href":"https:\/\/api.w.org\/{rel}","templated":true}]}}