{"id":53118,"date":"2025-12-20T19:44:57","date_gmt":"2025-12-20T19:44:57","guid":{"rendered":"https:\/\/247stiri.ro\/index.php\/2025\/12\/20\/nicusor-dan-fericit-ca-presedintele-isi-recastiga-dreptul-de-a-contesta-legi-la-ccr\/"},"modified":"2025-12-20T19:44:57","modified_gmt":"2025-12-20T19:44:57","slug":"nicusor-dan-fericit-ca-presedintele-isi-recastiga-dreptul-de-a-contesta-legi-la-ccr","status":"publish","type":"post","link":"https:\/\/247stiri.ro\/index.php\/2025\/12\/20\/nicusor-dan-fericit-ca-presedintele-isi-recastiga-dreptul-de-a-contesta-legi-la-ccr\/","title":{"rendered":"Nicu\u0219or Dan, fericit c\u0103 pre\u0219edintele \u00ee\u0219i rec\u00e2\u0219tig\u0103 dreptul de a contesta legi la CCR"},"content":{"rendered":"<p>Pre\u0219edintele Nicu\u0219or Dan a anun\u021bat s\u00e2mb\u0103t\u0103 o decizie major\u0103 a Cur\u021bii Constitu\u021bionale, care restabile\u0219te un echilibru esen\u021bial \u00een arhitectura puterilor statului. Conform noii hot\u0103r\u00e2ri, Pre\u0219edintele Rom\u00e2niei \u00ee\u0219i rec\u00e2\u0219tig\u0103 dreptul deplin de a sesiza CCR cu privire la orice lege, pentru orice motive \u2014 inclusiv de fond \u2014 chiar \u0219i dup\u0103 ce actul normativ a parcurs etapa reexamin\u0103rii \u00een Parlament.<\/p>\n<p>Aceast\u0103 decizie marcheaz\u0103 abandonarea unei practici restrictive instaurate la sf\u00e2r\u0219itul anului 2018, care limita drastic posibilitatea \u0219efului statului de a contesta legile dup\u0103 ce acestea treceau prin procedura de reexaminare parlamentar\u0103. Nicu\u0219or Dan subliniaz\u0103 c\u0103 revenirea la vechea practic\u0103 constitu\u021bional\u0103 consolideaz\u0103 rolul pre\u0219edintelui ca garant al respect\u0103rii Legii Fundamentale, oferindu-i p\u00e2rghiile necesare pentru a bloca eventuale derapaje legislative.<\/p>\n<p>Clarificarea a venit \u00een urma unei sesiz\u0103ri depuse chiar de Nicu\u0219or Dan, prin care Curtea a admis obiec\u021bia de neconstitu\u021bionalitate referitoare la o lege privind reorganizarea unor unit\u0103\u021bi de cercetare. Astfel, prin admiterea acestui demers, CCR nu doar c\u0103 a invalidat actul normativ respectiv, dar a \u0219i reglementat o vulnerabilitate procedural\u0103 ce persista \u00een sistemul juridic rom\u00e2nesc de peste \u0219ase ani.<\/p>","protected":false},"excerpt":{"rendered":"<p>Pre\u0219edintele Nicu\u0219or Dan a anun\u021bat s\u00e2mb\u0103t\u0103 o decizie major\u0103 a Cur\u021bii Constitu\u021bionale, care restabile\u0219te un&hellip;<\/p>\n","protected":false},"author":0,"featured_media":53104,"comment_status":"open","ping_status":"open","sticky":false,"template":"","format":"standard","meta":{"footnotes":""},"categories":[2],"tags":[],"class_list":["post-53118","post","type-post","status-publish","format-standard","has-post-thumbnail","hentry","category-actual"],"_links":{"self":[{"href":"https:\/\/247stiri.ro\/index.php\/wp-json\/wp\/v2\/posts\/53118","targetHints":{"allow":["GET"]}}],"collection":[{"href":"https:\/\/247stiri.ro\/index.php\/wp-json\/wp\/v2\/posts"}],"about":[{"href":"https:\/\/247stiri.ro\/index.php\/wp-json\/wp\/v2\/types\/post"}],"replies":[{"embeddable":true,"href":"https:\/\/247stiri.ro\/index.php\/wp-json\/wp\/v2\/comments?post=53118"}],"version-history":[{"count":0,"href":"https:\/\/247stiri.ro\/index.php\/wp-json\/wp\/v2\/posts\/53118\/revisions"}],"wp:featuredmedia":[{"embeddable":true,"href":"https:\/\/247stiri.ro\/index.php\/wp-json\/wp\/v2\/media\/53104"}],"wp:attachment":[{"href":"https:\/\/247stiri.ro\/index.php\/wp-json\/wp\/v2\/media?parent=53118"}],"wp:term":[{"taxonomy":"category","embeddable":true,"href":"https:\/\/247stiri.ro\/index.php\/wp-json\/wp\/v2\/categories?post=53118"},{"taxonomy":"post_tag","embeddable":true,"href":"https:\/\/247stiri.ro\/index.php\/wp-json\/wp\/v2\/tags?post=53118"}],"curies":[{"name":"wp","href":"https:\/\/api.w.org\/{rel}","templated":true}]}}