{"id":53152,"date":"2025-12-21T07:44:52","date_gmt":"2025-12-21T07:44:52","guid":{"rendered":"https:\/\/247stiri.ro\/index.php\/2025\/12\/21\/razboi-in-ucraina-ziua-1397-vladimir-putin-pregatit-sa-discute-cu-emmanuel-macron-live-text\/"},"modified":"2025-12-21T07:44:52","modified_gmt":"2025-12-21T07:44:52","slug":"razboi-in-ucraina-ziua-1397-vladimir-putin-pregatit-sa-discute-cu-emmanuel-macron-live-text","status":"publish","type":"post","link":"https:\/\/247stiri.ro\/index.php\/2025\/12\/21\/razboi-in-ucraina-ziua-1397-vladimir-putin-pregatit-sa-discute-cu-emmanuel-macron-live-text\/","title":{"rendered":"R\u0103zboi \u00een Ucraina, ziua 1397. Vladimir Putin, preg\u0103tit s\u0103 discute cu Emmanuel Macron &#8211; LIVE TEXT"},"content":{"rendered":"<p>UPDATE 09:03 &#8211; Zelenski ar vrea schimbarea \u0219efului Comandamentului Aerian Sudic dup\u0103 atacurile din Odesa<\/p>\n<p>Autorit\u0103\u021bile de la Kiev iau \u00een calcul \u00eenlocuirea \u0219efului Comandamentului Aerian Sudic, Dmitro Karpenko, dup\u0103 mai multe atacuri ruse\u0219ti asupra regiunii Odesa.<\/p>\n<p>Informa\u021bia a fost confirmat\u0103 de pre\u0219edintele Volodimir Zelenski.<\/p>\n<p>Pre\u0219edintele Zelenski a spus c\u0103 Ucraina va consolida ap\u0103rarea aerian\u0103 \u0219i structura de comand\u0103 din zon\u0103.<\/p>\n<p>\u201e\u00cent\u0103rim ap\u0103rarea aerian\u0103 \u015fi, s\u0103 fim sinceri, vom \u00eent\u0103ri \u015fi comandamentul. Ast\u0103zi am ridicat aceast\u0103 problem\u0103 privind \u00eenlocuirea comandantului\u2026 Cred c\u0103 vor g\u0103si un alt candidat. Pentru c\u0103 trebuie s\u0103 reac\u0163ion\u0103m \u00een timp util, rapid\u201d, a spus el.<\/p>\n<p>UPDATE 07:00 &#8211; Ofensiva diplomatic\u0103 a Rusiei se mut\u0103 pe axa Miami-Paris<\/p>\n<p>Dup\u0103 ce a raportat evolu\u021bii pozitive \u00een cadrul negocierilor din Miami, Moscova a confirmat duminic\u0103 faptul c\u0103 este deschis\u0103 pentru o \u00eentrevedere cu pre\u0219edintele Emmanuel Macron<\/p>\n<p>Kirill Dmitriev, trimisul Moscovei la negocierile din Miami privind Ucraina, a spus c\u0103 s-au \u00eencheiat pozitiv discu\u021biile cu trimisul preziden\u021bial american Steve Witkoff \u0219i cu Jared Kushner.<\/p>\n<p>Informa\u021bia apare \u00een presa italian\u0103\u00a0<a href=\"https:\/\/www.corriere.it\/esteri\/diretta-live\/25_dicembre_21\/ucraina-russia-le-notizie-sul-conflitto-in-diretta.shtml?refresh_ce\">Corriere della Sera<\/a>, care citeaz\u0103 surse ruse\u0219ti.<\/p>","protected":false},"excerpt":{"rendered":"<p>UPDATE 09:03 &#8211; Zelenski ar vrea schimbarea \u0219efului Comandamentului Aerian Sudic dup\u0103 atacurile din Odesa&hellip;<\/p>\n","protected":false},"author":0,"featured_media":53148,"comment_status":"open","ping_status":"open","sticky":false,"template":"","format":"standard","meta":{"footnotes":""},"categories":[2],"tags":[],"class_list":["post-53152","post","type-post","status-publish","format-standard","has-post-thumbnail","hentry","category-actual"],"_links":{"self":[{"href":"https:\/\/247stiri.ro\/index.php\/wp-json\/wp\/v2\/posts\/53152","targetHints":{"allow":["GET"]}}],"collection":[{"href":"https:\/\/247stiri.ro\/index.php\/wp-json\/wp\/v2\/posts"}],"about":[{"href":"https:\/\/247stiri.ro\/index.php\/wp-json\/wp\/v2\/types\/post"}],"replies":[{"embeddable":true,"href":"https:\/\/247stiri.ro\/index.php\/wp-json\/wp\/v2\/comments?post=53152"}],"version-history":[{"count":0,"href":"https:\/\/247stiri.ro\/index.php\/wp-json\/wp\/v2\/posts\/53152\/revisions"}],"wp:featuredmedia":[{"embeddable":true,"href":"https:\/\/247stiri.ro\/index.php\/wp-json\/wp\/v2\/media\/53148"}],"wp:attachment":[{"href":"https:\/\/247stiri.ro\/index.php\/wp-json\/wp\/v2\/media?parent=53152"}],"wp:term":[{"taxonomy":"category","embeddable":true,"href":"https:\/\/247stiri.ro\/index.php\/wp-json\/wp\/v2\/categories?post=53152"},{"taxonomy":"post_tag","embeddable":true,"href":"https:\/\/247stiri.ro\/index.php\/wp-json\/wp\/v2\/tags?post=53152"}],"curies":[{"name":"wp","href":"https:\/\/api.w.org\/{rel}","templated":true}]}}