{"id":53175,"date":"2025-12-21T10:45:17","date_gmt":"2025-12-21T10:45:17","guid":{"rendered":"https:\/\/247stiri.ro\/index.php\/2025\/12\/21\/nicusor-dan-convoaca-presa-la-ora-1400-dupa-ce-a-fost-ingropat-in-dosare-de-catre-magistrati\/"},"modified":"2025-12-21T10:45:17","modified_gmt":"2025-12-21T10:45:17","slug":"nicusor-dan-convoaca-presa-la-ora-1400-dupa-ce-a-fost-ingropat-in-dosare-de-catre-magistrati","status":"publish","type":"post","link":"https:\/\/247stiri.ro\/index.php\/2025\/12\/21\/nicusor-dan-convoaca-presa-la-ora-1400-dupa-ce-a-fost-ingropat-in-dosare-de-catre-magistrati\/","title":{"rendered":"Nicu\u0219or Dan convoac\u0103 presa la ora 14:00, dup\u0103 ce a fost \u201e\u00eengropat\u201d \u00een dosare de c\u0103tre magistra\u021bi"},"content":{"rendered":"<p>Pre\u0219edintele Nicu\u0219or Dan va sus\u021bine ast\u0103zi, \u00eencep\u00e2nd cu ora 14:00, o declara\u021bie de pres\u0103 \u00een care va prezenta o sintez\u0103 a vulnerabilit\u0103\u021bilor din sistemul judiciar. Aceast\u0103 ie\u0219ire public\u0103 vine dup\u0103 ce \u0219eful statului a parcurs un volum impresionant de documenta\u021bie \u2014 \u201esute de pagini de materiale relevante\u201d \u2014 transmise direct de c\u0103tre magistra\u021bi.<\/p>\n<p>Luni urmeaz\u0103 runda decisiv\u0103 de consult\u0103ri la nivel \u00eenalt. Pre\u0219edintele se va \u00eent\u00e2lni cu grupuri de judec\u0103tori \u0219i procurori, dar va avea \u0219i discu\u021bii individuale cu magistra\u021bii care au solicitat acest lucru \u00een mod expres. Concluziile finale vor fi anun\u021bate dup\u0103 finalizarea tuturor rundelor de dialog de luni.<\/p>\n<p>Protec\u021bia identit\u0103\u021bii magistra\u021bilor Un aspect esen\u021bial subliniat de Nicu\u0219or Dan este confiden\u021bialitatea total\u0103 asupra identit\u0103\u021bii participan\u021bilor la aceste discu\u021bii. Aceast\u0103 m\u0103sur\u0103 este menit\u0103 s\u0103 asigure un dialog onest \u0219i liber de orice presiuni ierarhice sau politice, permi\u021b\u00e2nd magistra\u021bilor s\u0103 expun\u0103 realit\u0103\u021bile din sistem f\u0103r\u0103 teama de repercusiuni.<\/p>","protected":false},"excerpt":{"rendered":"<p>Pre\u0219edintele Nicu\u0219or Dan va sus\u021bine ast\u0103zi, \u00eencep\u00e2nd cu ora 14:00, o declara\u021bie de pres\u0103 \u00een&hellip;<\/p>\n","protected":false},"author":0,"featured_media":53169,"comment_status":"open","ping_status":"open","sticky":false,"template":"","format":"standard","meta":{"footnotes":""},"categories":[2],"tags":[],"class_list":["post-53175","post","type-post","status-publish","format-standard","has-post-thumbnail","hentry","category-actual"],"_links":{"self":[{"href":"https:\/\/247stiri.ro\/index.php\/wp-json\/wp\/v2\/posts\/53175","targetHints":{"allow":["GET"]}}],"collection":[{"href":"https:\/\/247stiri.ro\/index.php\/wp-json\/wp\/v2\/posts"}],"about":[{"href":"https:\/\/247stiri.ro\/index.php\/wp-json\/wp\/v2\/types\/post"}],"replies":[{"embeddable":true,"href":"https:\/\/247stiri.ro\/index.php\/wp-json\/wp\/v2\/comments?post=53175"}],"version-history":[{"count":0,"href":"https:\/\/247stiri.ro\/index.php\/wp-json\/wp\/v2\/posts\/53175\/revisions"}],"wp:featuredmedia":[{"embeddable":true,"href":"https:\/\/247stiri.ro\/index.php\/wp-json\/wp\/v2\/media\/53169"}],"wp:attachment":[{"href":"https:\/\/247stiri.ro\/index.php\/wp-json\/wp\/v2\/media?parent=53175"}],"wp:term":[{"taxonomy":"category","embeddable":true,"href":"https:\/\/247stiri.ro\/index.php\/wp-json\/wp\/v2\/categories?post=53175"},{"taxonomy":"post_tag","embeddable":true,"href":"https:\/\/247stiri.ro\/index.php\/wp-json\/wp\/v2\/tags?post=53175"}],"curies":[{"name":"wp","href":"https:\/\/api.w.org\/{rel}","templated":true}]}}