{"id":53185,"date":"2025-12-21T12:46:13","date_gmt":"2025-12-21T12:46:13","guid":{"rendered":"https:\/\/247stiri.ro\/index.php\/2025\/12\/21\/niculor-dan-intervine-in-justitie-amenintari-pentru-consiliul-superior-al-magistraturii-in-direct-de-la-palatul-cotroceni-daca-csm-nu-actioneaza-in-interes-public-atunci-va-pleca\/"},"modified":"2025-12-21T12:46:13","modified_gmt":"2025-12-21T12:46:13","slug":"niculor-dan-intervine-in-justitie-amenintari-pentru-consiliul-superior-al-magistraturii-in-direct-de-la-palatul-cotroceni-daca-csm-nu-actioneaza-in-interes-public-atunci-va-pleca","status":"publish","type":"post","link":"https:\/\/247stiri.ro\/index.php\/2025\/12\/21\/niculor-dan-intervine-in-justitie-amenintari-pentru-consiliul-superior-al-magistraturii-in-direct-de-la-palatul-cotroceni-daca-csm-nu-actioneaza-in-interes-public-atunci-va-pleca\/","title":{"rendered":"Niculor Dan intervine \u00een Justi\u021bie. Amenin\u021b\u0103ri pentru Consiliul Superior al Magistraturii, \u00een direct de la Palatul Cotroceni: \u201eDac\u0103 CSM nu ac\u021bioneaz\u0103 \u00een interes public, atunci va pleca!\u201d"},"content":{"rendered":"<p>\u201eSunt acuza\u021bii, nu fapte, \u0219i ne va lua mult timp s\u0103 le dovedim, dar suntem \u00eentr-o situa\u021bie grav\u0103 cu privire la suspiciunea din sistemul judiciar. \u00cen ianuarie, imediat dup\u0103 s\u0103rb\u0103tori, voi ini\u021bia un referendum la magistra\u021bi cu o singur\u0103 \u00eentrebare: dac\u0103 CSM ac\u021bioneaz\u0103 \u00een interes public sau ac\u021bioneaz\u0103 \u00een interesul unui grup din interiorul sistemului judiciar. Dac\u0103 magistra\u021bii vor spune c\u0103, da, CSM ac\u021bioneaz\u0103 \u00een interes public, vom discuta legislativ. Dac\u0103 magistra\u021bii vor spune c\u0103 CSM nu reprezint\u0103 interesul public, ci al breslei, atunci CSM va pleca de urgen\u021b\u0103\u201d, a declarat Nicu\u0219or Dan.<\/p>","protected":false},"excerpt":{"rendered":"<p>\u201eSunt acuza\u021bii, nu fapte, \u0219i ne va lua mult timp s\u0103 le dovedim, dar suntem&hellip;<\/p>\n","protected":false},"author":0,"featured_media":53184,"comment_status":"open","ping_status":"open","sticky":false,"template":"","format":"standard","meta":{"footnotes":""},"categories":[2],"tags":[],"class_list":["post-53185","post","type-post","status-publish","format-standard","has-post-thumbnail","hentry","category-actual"],"_links":{"self":[{"href":"https:\/\/247stiri.ro\/index.php\/wp-json\/wp\/v2\/posts\/53185","targetHints":{"allow":["GET"]}}],"collection":[{"href":"https:\/\/247stiri.ro\/index.php\/wp-json\/wp\/v2\/posts"}],"about":[{"href":"https:\/\/247stiri.ro\/index.php\/wp-json\/wp\/v2\/types\/post"}],"replies":[{"embeddable":true,"href":"https:\/\/247stiri.ro\/index.php\/wp-json\/wp\/v2\/comments?post=53185"}],"version-history":[{"count":0,"href":"https:\/\/247stiri.ro\/index.php\/wp-json\/wp\/v2\/posts\/53185\/revisions"}],"wp:featuredmedia":[{"embeddable":true,"href":"https:\/\/247stiri.ro\/index.php\/wp-json\/wp\/v2\/media\/53184"}],"wp:attachment":[{"href":"https:\/\/247stiri.ro\/index.php\/wp-json\/wp\/v2\/media?parent=53185"}],"wp:term":[{"taxonomy":"category","embeddable":true,"href":"https:\/\/247stiri.ro\/index.php\/wp-json\/wp\/v2\/categories?post=53185"},{"taxonomy":"post_tag","embeddable":true,"href":"https:\/\/247stiri.ro\/index.php\/wp-json\/wp\/v2\/tags?post=53185"}],"curies":[{"name":"wp","href":"https:\/\/api.w.org\/{rel}","templated":true}]}}