{"id":53191,"date":"2025-12-21T13:45:37","date_gmt":"2025-12-21T13:45:37","guid":{"rendered":"https:\/\/247stiri.ro\/index.php\/2025\/12\/21\/revolutia-din-justitie-isi-pierde-suflul-in-drum-spre-palatul-cotroceni-doar-20-de-magistrati-vin-la-nicusor-dan\/"},"modified":"2025-12-21T13:45:37","modified_gmt":"2025-12-21T13:45:37","slug":"revolutia-din-justitie-isi-pierde-suflul-in-drum-spre-palatul-cotroceni-doar-20-de-magistrati-vin-la-nicusor-dan","status":"publish","type":"post","link":"https:\/\/247stiri.ro\/index.php\/2025\/12\/21\/revolutia-din-justitie-isi-pierde-suflul-in-drum-spre-palatul-cotroceni-doar-20-de-magistrati-vin-la-nicusor-dan\/","title":{"rendered":"\u201eRevolu\u021bia\u201d din justi\u021bie \u00ee\u0219i pierde suflul \u00een drum spre Palatul Cotroceni. Doar 20 de magistra\u021bi vin la Nicu\u0219or Dan"},"content":{"rendered":"<p>\u201eReferitor la discu\u021bia cu magistra\u021bii, au fost pu\u021bini care \u0219i-au exprimat inten\u021bia, undeva la 20 de oameni din cei aproape 1.000 care au semnat peti\u021bia. \u00cen mod neobi\u0219nuit, \u00een anumite institu\u021bii s-au organizat \u0219edin\u021be de influen\u021bare\/intimidare. Apoi, mul\u021bi dintre cei care mi-au scris au vrut s\u0103 ne \u00eent\u00e2lnim, dar nu pe 22 decembrie, pentru c\u0103 exist\u0103 teama unor repercusiuni. Am ajuns la propuneri nepotrivite: s\u0103 vin\u0103 pe r\u00e2nd, s\u0103 nu se intersecteze sau s\u0103 fie prelua\u021bi pentru a fi adu\u0219i \u00een Cotroceni astfel \u00eenc\u00e2t s\u0103 nu fie v\u0103zu\u021bi.<\/p>\n<p>Prin urmare, am decis ca m\u00e2ine, la ora 10, vom face o discu\u021bie public\u0103 cu cei care vor, iar toate discu\u021biile private vor fi reprogramate. Dac\u0103 m\u00e2ine se vor aduce acuza\u021bii, orice fel de acuza\u021bii care s\u0103 vizeze pe cineva din sistem, vom avea o alt\u0103 \u00eent\u00e2lnire cu cei acuza\u021bi. De asemenea, pentru c\u0103 am v\u0103zut asta men\u021bionat, exist\u0103 opinia c\u0103 actuala situa\u021bie din justi\u021bie este un r\u0103spuns la abuzurile de acum 15 ani; oricine vrea s\u0103 acuze o poate face public\u201d, a declarat pre\u0219edintele Nicu\u0219or Dan.<\/p>","protected":false},"excerpt":{"rendered":"<p>\u201eReferitor la discu\u021bia cu magistra\u021bii, au fost pu\u021bini care \u0219i-au exprimat inten\u021bia, undeva la 20&hellip;<\/p>\n","protected":false},"author":0,"featured_media":53188,"comment_status":"open","ping_status":"open","sticky":false,"template":"","format":"standard","meta":{"footnotes":""},"categories":[2],"tags":[],"class_list":["post-53191","post","type-post","status-publish","format-standard","has-post-thumbnail","hentry","category-actual"],"_links":{"self":[{"href":"https:\/\/247stiri.ro\/index.php\/wp-json\/wp\/v2\/posts\/53191","targetHints":{"allow":["GET"]}}],"collection":[{"href":"https:\/\/247stiri.ro\/index.php\/wp-json\/wp\/v2\/posts"}],"about":[{"href":"https:\/\/247stiri.ro\/index.php\/wp-json\/wp\/v2\/types\/post"}],"replies":[{"embeddable":true,"href":"https:\/\/247stiri.ro\/index.php\/wp-json\/wp\/v2\/comments?post=53191"}],"version-history":[{"count":0,"href":"https:\/\/247stiri.ro\/index.php\/wp-json\/wp\/v2\/posts\/53191\/revisions"}],"wp:featuredmedia":[{"embeddable":true,"href":"https:\/\/247stiri.ro\/index.php\/wp-json\/wp\/v2\/media\/53188"}],"wp:attachment":[{"href":"https:\/\/247stiri.ro\/index.php\/wp-json\/wp\/v2\/media?parent=53191"}],"wp:term":[{"taxonomy":"category","embeddable":true,"href":"https:\/\/247stiri.ro\/index.php\/wp-json\/wp\/v2\/categories?post=53191"},{"taxonomy":"post_tag","embeddable":true,"href":"https:\/\/247stiri.ro\/index.php\/wp-json\/wp\/v2\/tags?post=53191"}],"curies":[{"name":"wp","href":"https:\/\/api.w.org\/{rel}","templated":true}]}}