{"id":53200,"date":"2025-12-21T14:46:43","date_gmt":"2025-12-21T14:46:43","guid":{"rendered":"https:\/\/247stiri.ro\/index.php\/2025\/12\/21\/drona-din-arges-si-razboiul-din-ucraina-ce-spune-sindicatul-europol-despre-legatura-dintre-cele-doua\/"},"modified":"2025-12-21T14:46:43","modified_gmt":"2025-12-21T14:46:43","slug":"drona-din-arges-si-razboiul-din-ucraina-ce-spune-sindicatul-europol-despre-legatura-dintre-cele-doua","status":"publish","type":"post","link":"https:\/\/247stiri.ro\/index.php\/2025\/12\/21\/drona-din-arges-si-razboiul-din-ucraina-ce-spune-sindicatul-europol-despre-legatura-dintre-cele-doua\/","title":{"rendered":"Drona din Arge\u0219 \u0219i r\u0103zboiul din Ucraina. Ce spune Sindicatul Europol despre leg\u0103tura dintre cele dou\u0103"},"content":{"rendered":"<p>Imaginile furnizate de sindicatul Europol confirm\u0103 faptul c\u0103 drona descoperit\u0103 duminic\u0103 \u00een jude\u021bul Arge\u0219 este un dispozitiv de mari dimensiuni, echipat cu un mecanism artizanal montat pe structur\u0103 \u0219i o para\u0219ut\u0103 de recuperare ata\u0219at\u0103.<\/p>\n<p>De\u0219i ipoteza unei leg\u0103turi cu teatrul de opera\u021biuni din Ucraina este luat\u0103 \u00een calcul, autorit\u0103\u021bile nu au confirmat \u00eenc\u0103 originea aparatului, \u00eens\u0103 au stabilit cu certitudine c\u0103 acesta nu apar\u021bine for\u021belor aliate care activeaz\u0103 \u00een baza NATO din proximitate.<\/p>\n<p>Dispozitivul, a c\u0103rui provenien\u021b\u0103 r\u0103m\u00e2ne momentan neidentificat\u0103, a fost localizat \u00eentr-o zon\u0103 muntoas\u0103, la altitudine mare, \u00een p\u0103durile satului Voine\u0219ti, de c\u0103tre un grup de v\u00e2n\u0103tori care au alertat imediat num\u0103rul de urgen\u021b\u0103 112.<\/p>\n<p>\u00cen prezent, echipajele de poli\u021bie au instituit un cordon de siguran\u021b\u0103 pentru a restric\u021biona circula\u021bia \u00een perimetrul respectiv, asigur\u00e2nd zona p\u00e2n\u0103 la interven\u021bia speciali\u0219tilor din cadrul Serviciului Rom\u00e2n de Informa\u021bii \u0219i ai Ministerului Ap\u0103r\u0103rii Na\u021bionale.<\/p>\n<p>Echipele tehnice urmeaz\u0103 s\u0103 preia resturile aparatului pentru a analiza componentele electronice \u0219i natura dispozitivului artizanal, \u00een \u00eencercarea de a stabili traiectoria de zbor \u0219i misiunea acestuia \u00een spa\u021biul aerian rom\u00e2nesc.<\/p>","protected":false},"excerpt":{"rendered":"<p>Imaginile furnizate de sindicatul Europol confirm\u0103 faptul c\u0103 drona descoperit\u0103 duminic\u0103 \u00een jude\u021bul Arge\u0219 este&hellip;<\/p>\n","protected":false},"author":0,"featured_media":53201,"comment_status":"open","ping_status":"open","sticky":false,"template":"","format":"standard","meta":{"footnotes":""},"categories":[2],"tags":[],"class_list":["post-53200","post","type-post","status-publish","format-standard","has-post-thumbnail","hentry","category-actual"],"_links":{"self":[{"href":"https:\/\/247stiri.ro\/index.php\/wp-json\/wp\/v2\/posts\/53200","targetHints":{"allow":["GET"]}}],"collection":[{"href":"https:\/\/247stiri.ro\/index.php\/wp-json\/wp\/v2\/posts"}],"about":[{"href":"https:\/\/247stiri.ro\/index.php\/wp-json\/wp\/v2\/types\/post"}],"replies":[{"embeddable":true,"href":"https:\/\/247stiri.ro\/index.php\/wp-json\/wp\/v2\/comments?post=53200"}],"version-history":[{"count":0,"href":"https:\/\/247stiri.ro\/index.php\/wp-json\/wp\/v2\/posts\/53200\/revisions"}],"wp:featuredmedia":[{"embeddable":true,"href":"https:\/\/247stiri.ro\/index.php\/wp-json\/wp\/v2\/media\/53201"}],"wp:attachment":[{"href":"https:\/\/247stiri.ro\/index.php\/wp-json\/wp\/v2\/media?parent=53200"}],"wp:term":[{"taxonomy":"category","embeddable":true,"href":"https:\/\/247stiri.ro\/index.php\/wp-json\/wp\/v2\/categories?post=53200"},{"taxonomy":"post_tag","embeddable":true,"href":"https:\/\/247stiri.ro\/index.php\/wp-json\/wp\/v2\/tags?post=53200"}],"curies":[{"name":"wp","href":"https:\/\/api.w.org\/{rel}","templated":true}]}}