{"id":53230,"date":"2025-12-21T18:44:49","date_gmt":"2025-12-21T18:44:49","guid":{"rendered":"https:\/\/247stiri.ro\/index.php\/2025\/12\/21\/judecator-csm-dupa-ce-nicusor-dan-a-anuntat-un-referendum-in-justitie-e-ca-si-cum-justitia-ar-organiza-un-referendum-pentru-demiterea-presedintelui\/"},"modified":"2025-12-21T18:44:49","modified_gmt":"2025-12-21T18:44:49","slug":"judecator-csm-dupa-ce-nicusor-dan-a-anuntat-un-referendum-in-justitie-e-ca-si-cum-justitia-ar-organiza-un-referendum-pentru-demiterea-presedintelui","status":"publish","type":"post","link":"https:\/\/247stiri.ro\/index.php\/2025\/12\/21\/judecator-csm-dupa-ce-nicusor-dan-a-anuntat-un-referendum-in-justitie-e-ca-si-cum-justitia-ar-organiza-un-referendum-pentru-demiterea-presedintelui\/","title":{"rendered":"Judec\u0103tor CSM, dup\u0103 ce Nicu\u0219or Dan a anun\u021bat un referendum \u00een Justi\u021bie: \u201dE ca \u015fi cum Justi\u0163ia ar organiza un referendum pentru demiterea Pre\u015fedintelui\u201d"},"content":{"rendered":"<p>\u201dRom\u00e2nia &#8211; STAT DE DREPT sau NU? Nu exist\u0103 niciun temei de drept care s\u0103 permit\u0103 pre\u015fedintelui \u0163\u0103rii organizarea unui &#8222;referendum \u00een cadrul corpului magistra\u0163ilor&#8221; pentru &#8222;plecarea CSM&#8221;. Pentru a \u00een\u0163elege mai usor \u00eenc\u0103lcarea separa\u0163iei puterilor \u00een stat, e ca \u015fi cum Justi\u0163ia ar organiza un referendum na\u0163ional pentru demiterea Pre\u015fedintelui Rom\u00e2niei ori pentru dizolvarea Parlamentului\u201d, scrie judec\u0103torul \u00eentr-o postare pe Facebook.<\/p>\n<p>Alin Ene mai arat\u0103 c\u0103, \u201dchiar dac\u0103 s-ar realiza o atare consultare, aceasta nu ar conduce dec\u00e2t la o nou\u0103 dezam\u0103gire pentru pre\u015fedinte, deja dezam\u0103git c\u0103 din 885 (nu 1000) de semnatari ai unei peti\u0163ii care sus\u0163ine libertatea de exprimare (din care majoritatea cov\u00e2r\u015fitoare procurori \u015fi pensionari), doar 20 au vrut s\u0103 se \u00eent\u00e2lneasc\u0103 cu acesta\u201d.<\/p>\n<p>\u201dProbabil sf\u0103tuitorii pe justi\u0163ie i-au prezentat acea list\u0103 denaturat, drept magistra\u0163i nemul\u0163umi\u0163i de CSM \u015fi de acolo \u00eencrederea oarb\u0103 \u015fi speran\u0163ele de\u015farte\u201d, subliniaz\u0103 membrul CSM.<\/p>\n<p>Ene mai scrie c\u0103 \u201dmembrii CSM &#8222;pleac\u0103 de urgen\u0163\u0103&#8221; doar dac\u0103 Adun\u0103rile Generale ale judec\u0103torilor (nu vorbim de procurori, trecu\u0163i \u00een plan secund de pre\u015fedinte) decid revocarea acestora, deci \u201dsigur nu atunci c\u00e2nd vrea un om, fie el chiar \u015fi Pre\u015fedintele \u0163\u0103rii, care nu are nicio atribu\u0163ie \u00een organizarea si administrarea Justi\u0163iei, tocmai aceasta fiind garan\u0163ia separa\u0163iei puterilor \u00een stat, specific\u0103 statului de drept\u201d.<\/p>\n<p>\u201dDac\u0103 tot pornim pe drumul plebiscitului, poate ar trebui s\u0103 renun\u0163\u0103m la discriminare \u015fi s\u0103 trat\u0103m toate puterile statului \u00een mod similar. A\u015fadar, pe c\u00e2nd un referendum pentru a stabili dac\u0103 Guvernul, Parlamentul \u015fi Pre\u015fedintele Rom\u00e2niei se mai bucur\u0103 de sus\u0163inerea poporului? P\u00e2n\u0103 atunci, a se nota c\u0103 asemenea declara\u0163ii \u015fi demersuri sunt absolut inacceptabile \u00een orice stat democratic. Sigur c\u0103 ele sunt probabil fire\u015fti \u00een state mai pu\u0163in democratice, pe care poate c\u0103 nu ar trebui s\u0103 ni le set\u0103m drept exemple de bune practici. Deci \u00eentrebarea este foarte simpl\u0103: ce viitor vrem pt Rom\u00e2nia? Ne dorim democra\u0163ie, stat de drept, UE? Sau o lu\u0103m \u00een direc\u0163ia opus\u0103? Nu exist\u0103 un r\u0103spuns corect. Majoritatea decide, c\u00e2t \u00eenc\u0103 mai suntem o democra\u0163ie\u201d, completeaz\u0103 Alin Ene.<\/p>","protected":false},"excerpt":{"rendered":"<p>\u201dRom\u00e2nia &#8211; STAT DE DREPT sau NU? Nu exist\u0103 niciun temei de drept care s\u0103&hellip;<\/p>\n","protected":false},"author":0,"featured_media":53231,"comment_status":"open","ping_status":"open","sticky":false,"template":"","format":"standard","meta":{"footnotes":""},"categories":[2],"tags":[],"class_list":["post-53230","post","type-post","status-publish","format-standard","has-post-thumbnail","hentry","category-actual"],"_links":{"self":[{"href":"https:\/\/247stiri.ro\/index.php\/wp-json\/wp\/v2\/posts\/53230","targetHints":{"allow":["GET"]}}],"collection":[{"href":"https:\/\/247stiri.ro\/index.php\/wp-json\/wp\/v2\/posts"}],"about":[{"href":"https:\/\/247stiri.ro\/index.php\/wp-json\/wp\/v2\/types\/post"}],"replies":[{"embeddable":true,"href":"https:\/\/247stiri.ro\/index.php\/wp-json\/wp\/v2\/comments?post=53230"}],"version-history":[{"count":0,"href":"https:\/\/247stiri.ro\/index.php\/wp-json\/wp\/v2\/posts\/53230\/revisions"}],"wp:featuredmedia":[{"embeddable":true,"href":"https:\/\/247stiri.ro\/index.php\/wp-json\/wp\/v2\/media\/53231"}],"wp:attachment":[{"href":"https:\/\/247stiri.ro\/index.php\/wp-json\/wp\/v2\/media?parent=53230"}],"wp:term":[{"taxonomy":"category","embeddable":true,"href":"https:\/\/247stiri.ro\/index.php\/wp-json\/wp\/v2\/categories?post=53230"},{"taxonomy":"post_tag","embeddable":true,"href":"https:\/\/247stiri.ro\/index.php\/wp-json\/wp\/v2\/tags?post=53230"}],"curies":[{"name":"wp","href":"https:\/\/api.w.org\/{rel}","templated":true}]}}