{"id":53243,"date":"2025-12-21T20:45:22","date_gmt":"2025-12-21T20:45:22","guid":{"rendered":"https:\/\/247stiri.ro\/index.php\/2025\/12\/21\/augustin-zegrean-il-ironizeaza-pe-nicusor-dan-nu-avem-spre-regretul-presedintelui-referendum-pe-meserii-nu-stiu-cum-s-au-gandit-cei-de-la-cotroceni-sa-il-faca\/"},"modified":"2025-12-21T20:45:22","modified_gmt":"2025-12-21T20:45:22","slug":"augustin-zegrean-il-ironizeaza-pe-nicusor-dan-nu-avem-spre-regretul-presedintelui-referendum-pe-meserii-nu-stiu-cum-s-au-gandit-cei-de-la-cotroceni-sa-il-faca","status":"publish","type":"post","link":"https:\/\/247stiri.ro\/index.php\/2025\/12\/21\/augustin-zegrean-il-ironizeaza-pe-nicusor-dan-nu-avem-spre-regretul-presedintelui-referendum-pe-meserii-nu-stiu-cum-s-au-gandit-cei-de-la-cotroceni-sa-il-faca\/","title":{"rendered":"Augustin Zegrean \u00eel ironizeaz\u0103 pe Nicu\u0219or Dan: \u201dNu avem, spre regretul pre\u015fedintelui, referendum pe meserii. Nu \u015ftiu cum s-au g\u00e2ndit cei de la Cotroceni s\u0103 \u00eel fac\u0103\u201d"},"content":{"rendered":"<p>\u201d\u00cen Rom\u00e2nia, conform Constitu\u0163iei \u015fi legisla\u0163iei, exist\u0103 dou\u0103 feluri de referendum, un referendum la nivel na\u0163ional, pe care \u00eel poate provoca pre\u015fedintele, dup\u0103 consultarea Parlamentului, \u015fi asta trebuie \u0163inut minte. Deci, dup\u0103 consultare poate s\u0103 \u00eentrebe, s\u0103 cheme poporul s\u0103 \u00ee\u015fi exprime voin\u0163a cu privire la o problem\u0103 de interes na\u0163ional. \u015ei alt referendum de interes local este \u00een UAT-uri, \u00een comune, \u00een ora\u015fe, \u00een judete \u015fi a\u015fa mai departe. Deci, nu avem, spre regretul pre\u015fedintelui, probabil, referendum pe meserii. Nu avem a\u015fa ceva \u00een Rom\u00e2nia. Nu \u015ftiu cum au g\u00e2ndit cei de la <a href=\"https:\/\/www.realitatea.net\/stiri\/actual\/csm-raspuns-pentru-presedintele-care-ataca-justitia-nu-vom-tolera-ingerintele-in-exercitarea-activitatii-judecatoresti_69483e82ad2d4f42b84bc482\" target=\"_blank\">Cotroceni<\/a> s\u0103 fac\u0103 acest referendum, dar nu este posibil, n-au cum\u201d, a spus fostul judec\u0103tor CCR Augustin Zegrean la un post de televiziune, <a href=\"https:\/\/www.news.ro\/politic-intern\/augustin-zegrean-avem-spre-regretul-presedintelui-referendum-meserii-stiu-s-au-gandit-cei-cotroceni-il-faca-posibil-intalnirea-nicusor-dan-magistratii-informala-afara-constitutiei-1922402821002025122122282081\" target=\"_blank\">potrivit sursei.\u00a0<\/a><\/p>\n<p>Fostul judec\u0103tor a explicat c\u0103 nu po\u0163i s\u0103 \u00eentrebi judec\u0103torii dac\u0103 lucreaz\u0103 din interesul \u0163\u0103rii sau din interes propriu, pentru c\u0103, dac\u0103 voia s\u0103 fac\u0103 o consultare \u00een r\u00e2ndul judec\u0103torilor, putea s\u0103 o fac\u0103, \u00een alt fel, dar nu ca referendum.\u00a0<\/p>\n<p>\u201dCSM asigur\u0103, \u00een primul r\u00e2nd, independen\u0163a judec\u0103torului, pentru asta a fost \u00eenfiin\u0163at el, \u015fi rezultatul pe care \u00eel dore\u015fte pre\u015fedintele nu se poate ob\u0163ine prin consultare, pentru c\u0103, tot potrivit legii, \u015fi cred c\u0103 asta ne intereseaz\u0103, ce spune legea, Consiliul Superior al Magistraturii nu poate fi revocat. Pot fi revoca\u0163i judec\u0103tori, membri ai CSM, dar procedura este foarte complicat\u0103, foarte greoaie, dup\u0103 cum am \u015focotit a\u015fa, ar dura cam un an de zile o procedur\u0103 de eliminare din func\u0163ie a unui judec\u0103tor. Dar s\u0103-i sco\u0163i pe to\u0163i de acolo, de urgen\u0163\u0103, cum spune pre\u015fedintele, nu este posibil. Dac\u0103 respec\u0163i legile.<\/p>\n<p>Dac\u0103 nu respec\u0163i legile, dai lege, dai o ordonan\u0163\u0103, ca acum e moda ordonan\u0163elor, sau un nou pachet, s\u0103-\u0163i dea un pachet prin care s\u0103-\u0163i spun\u0103 c\u0103 to\u0163i ace\u015fti membri ai CSM trebuie s\u0103 plece. Nu \u015ftiu unde se va ajunge, pentru c\u0103 va trebuit g\u0103sit un alt Consiliu, dup\u0103 aceea\u201d, a mai comentat el.\u00a0<\/p>\n<p>C\u00e2t despre discu\u0163ia pe care \u015feful statului urmeaz\u0103 s\u0103 o aib\u0103 luni, cu magistra\u0163ii, Augustin Zegrean a spus c\u0103 aceasta este \u201dinformal\u0103, \u00een afara Constitu\u0163iei \u015fi \u00een afara legii\u201d.\u00a0<\/p>\n<p>\u201dPre\u015fedintele, prin Constitu\u0163ie, este membru al CSM, f\u0103r\u0103 drept de vot, dar dac\u0103 particip\u0103 la \u015fedin\u0163\u0103, el conduce acea \u015fedin\u0163\u0103. Din c\u00e2te \u015ftiu, nu a participat \u00eenc\u0103 la nicio \u015fedin\u0163\u0103. Acolo ar putea s\u0103-\u015fi exprime dorin\u0163ele \u015fi voin\u0163ele, \u015fi, eventual, dac\u0103 CSM ar constea necesar s\u0103 organizeze o astfel de consultare, ar putea s\u0103 o fac\u0103. Au ei regulile lor \u015fi ar putea s\u0103 o fac\u0103\u201d, a explicat Zegrean.\u00a0<\/p>\n<p>\u00centrebat dac\u0103 este vorba de o ingerin\u0163\u0103 a pre\u015fedintelui \u00een justi\u0163ie, Augustin Zegrean a r\u0103spuns: \u201dPre\u015fedintele este un om politic, din c\u00e2te \u015ftiu eu, \u015fi nu \u0163ine de fi\u015fa postului pre\u015fedintelui. Atribu\u0163iile pre\u015fedinte sunt prev\u0103zute \u00een Constitu\u0163ie. Poate s\u0103 fac\u0103 exact c\u00e2t scrie acolo. Nici mai mult, nici mai pu\u0163in. Nimeni nu-i poate da alte atribu\u0163ii dec\u00e2t Constitu\u0163ia\u201d.\u00a0<\/p>","protected":false},"excerpt":{"rendered":"<p>\u201d\u00cen Rom\u00e2nia, conform Constitu\u0163iei \u015fi legisla\u0163iei, exist\u0103 dou\u0103 feluri de referendum, un referendum la nivel&hellip;<\/p>\n","protected":false},"author":0,"featured_media":53244,"comment_status":"open","ping_status":"open","sticky":false,"template":"","format":"standard","meta":{"footnotes":""},"categories":[2],"tags":[],"class_list":["post-53243","post","type-post","status-publish","format-standard","has-post-thumbnail","hentry","category-actual"],"_links":{"self":[{"href":"https:\/\/247stiri.ro\/index.php\/wp-json\/wp\/v2\/posts\/53243","targetHints":{"allow":["GET"]}}],"collection":[{"href":"https:\/\/247stiri.ro\/index.php\/wp-json\/wp\/v2\/posts"}],"about":[{"href":"https:\/\/247stiri.ro\/index.php\/wp-json\/wp\/v2\/types\/post"}],"replies":[{"embeddable":true,"href":"https:\/\/247stiri.ro\/index.php\/wp-json\/wp\/v2\/comments?post=53243"}],"version-history":[{"count":0,"href":"https:\/\/247stiri.ro\/index.php\/wp-json\/wp\/v2\/posts\/53243\/revisions"}],"wp:featuredmedia":[{"embeddable":true,"href":"https:\/\/247stiri.ro\/index.php\/wp-json\/wp\/v2\/media\/53244"}],"wp:attachment":[{"href":"https:\/\/247stiri.ro\/index.php\/wp-json\/wp\/v2\/media?parent=53243"}],"wp:term":[{"taxonomy":"category","embeddable":true,"href":"https:\/\/247stiri.ro\/index.php\/wp-json\/wp\/v2\/categories?post=53243"},{"taxonomy":"post_tag","embeddable":true,"href":"https:\/\/247stiri.ro\/index.php\/wp-json\/wp\/v2\/tags?post=53243"}],"curies":[{"name":"wp","href":"https:\/\/api.w.org\/{rel}","templated":true}]}}