{"id":53245,"date":"2025-12-21T20:45:23","date_gmt":"2025-12-21T20:45:23","guid":{"rendered":"https:\/\/247stiri.ro\/index.php\/2025\/12\/21\/daniel-david-intrebat-daca-intentioneaza-sa-plece-din-fruntea-ministerului-educatiei-in-2026-este-un-lucru-la-care-gandesc-in-aceste-zile\/"},"modified":"2025-12-21T20:45:23","modified_gmt":"2025-12-21T20:45:23","slug":"daniel-david-intrebat-daca-intentioneaza-sa-plece-din-fruntea-ministerului-educatiei-in-2026-este-un-lucru-la-care-gandesc-in-aceste-zile","status":"publish","type":"post","link":"https:\/\/247stiri.ro\/index.php\/2025\/12\/21\/daniel-david-intrebat-daca-intentioneaza-sa-plece-din-fruntea-ministerului-educatiei-in-2026-este-un-lucru-la-care-gandesc-in-aceste-zile\/","title":{"rendered":"Daniel David, \u00eentrebat dac\u0103 inten\u0163ioneaz\u0103 s\u0103 plece din fruntea Ministerului Educa\u021biei, \u00een 2026: \u201dEste un lucru la care g\u00e2ndesc \u00een aceste zile\u201d"},"content":{"rendered":"<p>\u201dEu v\u0103 spun sincer, eu am venit cu un orizont de c\u00e2teva luni p\u00e2n\u0103 \u00een luna mai c\u00e2nd trebuia a\u015fezat\u0103 institu\u0163ia preziden\u0163ial\u0103 \u015fi stabilizat\u0103 \u0163ara. Din mai am venit cu ideea c\u0103 r\u0103m\u00e2n p\u00e2n\u0103 c\u00e2nd \u00eencepe \u015fcoala, pentru a ajuta trecerea \u0163\u0103rii prin evalu\u0103rile interna\u0163ionale c\u0103 ar\u0103ta foarte r\u0103u ca un ministru al celui mai mare sistem bugetar s\u0103 plece \u015fi nu \u015ftiam cum o s\u0103 \u00eenceap\u0103 \u015fcoala dup\u0103 m\u0103surile fiscal-bugetare. Dup\u0103 aceea ideea era c\u0103 r\u0103m\u00e2n p\u00e2n\u0103 c\u00e2nd Comisia European\u0103 face evaluarea global\u0103 \u015fi o s\u0103 ne spun\u0103 c\u0103 lucrurile sunt ok, fondurile europene nu sunt blocate \u015fi \u0163ara este stabil\u0103\u201d, a spus <a href=\"https:\/\/www.realitatea.net\/stiri\/actual\/ministrul-educatiei-contestat-de-un-arhitect-al-reformei-daniel-david-nu-poate-duce-mai-departe-mandatul-dezvaluiri-din-interiorul-sistemului_6943043aaffd6416232413ae\" target=\"_blank\">ministrul Educa\u0163iei,<\/a> \u00eentrebat dac\u0103 inten\u0163ioneaz\u0103 s\u0103 plece din func\u0163ie, \u00een 2026.<\/p>\n<p>De asemenea, Daniel David a \u021binut s\u0103 precizeze faptul c\u0103 nu vizeaz\u0103 o carier\u0103 politic\u0103.<\/p>\n<p>\u201dN-am \u015fi nu vizez carier\u0103 politic\u0103. Cred c\u0103 mi-am adus contribu\u0163ia \u015fi am tot am\u00e2nat plecarea de foarte multe ori\u201d, a mai spus acesta.\u00a0<\/p>\n<p>\u0218eful de la Educa\u021bie a men\u021bionat c\u0103 sunt discu\u0163ii \u015fi \u00een aceast\u0103 perioad\u0103 \u015fi a ar\u0103tat c\u0103 \u201dare acest sentiment c\u0103 ar trebui s\u0103 fie un ministru care va lucra la bugetul pe anul viitor\u201d.<\/p>\n<p>\u201dDac\u0103 eu lucrez la bugetul pe anul viitor ar trebui s\u0103 \u00eemi asum continuarea mandatului. Nu este corect s\u0103 te angajezi, s\u0103 faci un buget pe un an \u015fi dup\u0103 aceea s\u0103 \u00ee\u0163i iei lucrurile \u015fi s\u0103 pleci. A\u015fa c\u0103 nu pot s\u0103 v\u0103 r\u0103spund la aceast\u0103 \u00eentrebare deocamdat\u0103, dar ave\u0163i dreptate c\u0103 este un lucru la care g\u00e2ndesc \u00een aceste zile\u201d, a conchis Daniel David.<\/p>","protected":false},"excerpt":{"rendered":"<p>\u201dEu v\u0103 spun sincer, eu am venit cu un orizont de c\u00e2teva luni p\u00e2n\u0103 \u00een&hellip;<\/p>\n","protected":false},"author":0,"featured_media":53246,"comment_status":"open","ping_status":"open","sticky":false,"template":"","format":"standard","meta":{"footnotes":""},"categories":[2],"tags":[],"class_list":["post-53245","post","type-post","status-publish","format-standard","has-post-thumbnail","hentry","category-actual"],"_links":{"self":[{"href":"https:\/\/247stiri.ro\/index.php\/wp-json\/wp\/v2\/posts\/53245","targetHints":{"allow":["GET"]}}],"collection":[{"href":"https:\/\/247stiri.ro\/index.php\/wp-json\/wp\/v2\/posts"}],"about":[{"href":"https:\/\/247stiri.ro\/index.php\/wp-json\/wp\/v2\/types\/post"}],"replies":[{"embeddable":true,"href":"https:\/\/247stiri.ro\/index.php\/wp-json\/wp\/v2\/comments?post=53245"}],"version-history":[{"count":0,"href":"https:\/\/247stiri.ro\/index.php\/wp-json\/wp\/v2\/posts\/53245\/revisions"}],"wp:featuredmedia":[{"embeddable":true,"href":"https:\/\/247stiri.ro\/index.php\/wp-json\/wp\/v2\/media\/53246"}],"wp:attachment":[{"href":"https:\/\/247stiri.ro\/index.php\/wp-json\/wp\/v2\/media?parent=53245"}],"wp:term":[{"taxonomy":"category","embeddable":true,"href":"https:\/\/247stiri.ro\/index.php\/wp-json\/wp\/v2\/categories?post=53245"},{"taxonomy":"post_tag","embeddable":true,"href":"https:\/\/247stiri.ro\/index.php\/wp-json\/wp\/v2\/tags?post=53245"}],"curies":[{"name":"wp","href":"https:\/\/api.w.org\/{rel}","templated":true}]}}