{"id":53248,"date":"2025-12-21T20:45:24","date_gmt":"2025-12-21T20:45:24","guid":{"rendered":"https:\/\/247stiri.ro\/index.php\/2025\/12\/21\/intalnire-de-taina-intre-ciucu-si-bolojan-discutii-despre-saracie-dovada-ca-nicusor-dan-a-mintit-cum-a-risipit-bugetul-capitalei\/"},"modified":"2025-12-21T20:45:24","modified_gmt":"2025-12-21T20:45:24","slug":"intalnire-de-taina-intre-ciucu-si-bolojan-discutii-despre-saracie-dovada-ca-nicusor-dan-a-mintit-cum-a-risipit-bugetul-capitalei","status":"publish","type":"post","link":"https:\/\/247stiri.ro\/index.php\/2025\/12\/21\/intalnire-de-taina-intre-ciucu-si-bolojan-discutii-despre-saracie-dovada-ca-nicusor-dan-a-mintit-cum-a-risipit-bugetul-capitalei\/","title":{"rendered":"\u00cent\u00e2lnire de tain\u0103 \u00eentre Ciucu \u0219i Bolojan, discu\u021bii despre s\u0103r\u0103cie. Dovada c\u0103 Nicu\u0219or Dan a min\u021bit, cum a risipit bugetul Capitalei"},"content":{"rendered":"<p>\u201dBucure\u0219tiul arat\u0103 pu\u021bin mai bine dec\u00e2t ni se pare nou\u0103 c\u0103 arat\u0103\u201d, spunea Nicu\u0219or Dan.\u00a0<\/p>\n<p>Fostul primar al Capitalei este \u00eens\u0103 contrazis de actualul edil care a dezv\u0103luit c\u0103 \u201davem dou\u0103 g\u0103uri structurale majore care ne duc \u00een pragul falimentului dac\u0103 nu vom face ceva. Bucure\u0219tiul a pierdut bani \u0219i anul trecut, \u0219i anul acesta\u201d.<\/p>\n<p><a href=\"https:\/\/www.realitatea.net\/stiri\/actual\/ciprian-ciucu-se-duce-la-premierul-ilie-bolojan-sa-ceara-bani-pentru-primaria-capitalei_6947f480254a4515a513df22\" target=\"_blank\">Ciprian Ciucu <\/a>s-a \u00eent\u00e2lnit \u00een tain\u0103 cu Ilie Bolojan \u0219i Alexandru Nazare, ministrul de Finan\u021be. Discu\u021biile au avut loc cu u\u0219ile \u00eenchise. \u00cen prealabil, prima conferin\u021b\u0103 \u00een calitate de primar general al Capitalei sus\u021binut\u0103 de Ciprian Ciucu a creat adev\u0103rate tensiuni. Dup\u0103 ani la r\u00e2ndul \u00een care Nicu\u0219or Dan s-a l\u0103udat c\u0103 a preluat prim\u0103ria cu datorii uria\u0219e pe care le-a achitat, Ciucu \u00eel contrazice.<\/p>\n<p>\u201dLa sf\u00e2r\u0219itul anului trecut am stins, am \u00eenchis datoriile curente ale Prim\u0103riei Capitalei, deci am \u00eenceput anul 2023 f\u0103r\u0103 datorii curente. (&#8230;) Avem o \u00eembun\u0103t\u0103\u021bire pe transportul public\u201d, a declarat Nicu\u0219or Dan.\u00a0<\/p>\n<p>\u00cen schimb, Ciprian Ciucu a dezvluit c\u0103 \u201dpeste 1,38 de miliarde, ast\u0103zi, datoria pe care STB o are la ANAF. Deci, din punctul meu de vedere, cu aceast\u0103 datorie, dac\u0103 noi nu pl\u0103tim la timp acele e\u0219alon\u0103ri pe care le-a g\u00e2ndit fostul primar general, aproape aceast\u0103 societate este \u00een faliment\u201d.<\/p>\n<p>Potrivit unei simul\u0103ri prezentate de primar, necesarul minim pentru func\u021bionare \u0219i plata datoriilor Prim\u0103riei Capitalei se ridic\u0103 \u00een 2026 la aproximativ peste 8 miliarde de lei.<\/p>\n<p>\u201d\u00cen momentul de fa\u021b\u0103, cred c\u0103 mai avem 2-3 milioane \u00een buget. Deci datorii de miliarde, 2 milioane de lei \u00een buget pentru Prim\u0103ria Capitalei la sf\u00e2r\u0219it de an&#8230; a\u0219a ceva este de neimaginat\u201d, a mai afirmat edilul.\u00a0<\/p>\n<p>Nu sunt \u00eens\u0103, primele declara\u021bii de acest fel f\u0103cute de Ciprian Ciucu. \u0218i \u00een timpul campaniei electorale pentru Prim\u0103ria Capitalei a semnalat nereguli uria\u0219e ascunse de actualul pre\u0219edinte.<\/p>\n<p>\u201dEste o campanie \u00een care domnul Dan este un actor foarte prezent. Un primar, cum este primarul general, ar avea nevoie mai degrab\u0103 de premier dec\u00e2t de pre\u0219edinte. Pre\u0219edintele av\u00e2nd, de altfel, o func\u021bie mai degrab\u0103 reprezentativ\u0103 \u00eentr-o mare m\u0103sur\u0103, iar premierul mult mai executiv\u0103\u201d, a transmis actualul edil al Capitalei.\u00a0<\/p>","protected":false},"excerpt":{"rendered":"<p>\u201dBucure\u0219tiul arat\u0103 pu\u021bin mai bine dec\u00e2t ni se pare nou\u0103 c\u0103 arat\u0103\u201d, spunea Nicu\u0219or Dan.\u00a0&hellip;<\/p>\n","protected":false},"author":0,"featured_media":53234,"comment_status":"open","ping_status":"open","sticky":false,"template":"","format":"standard","meta":{"footnotes":""},"categories":[2],"tags":[],"class_list":["post-53248","post","type-post","status-publish","format-standard","has-post-thumbnail","hentry","category-actual"],"_links":{"self":[{"href":"https:\/\/247stiri.ro\/index.php\/wp-json\/wp\/v2\/posts\/53248","targetHints":{"allow":["GET"]}}],"collection":[{"href":"https:\/\/247stiri.ro\/index.php\/wp-json\/wp\/v2\/posts"}],"about":[{"href":"https:\/\/247stiri.ro\/index.php\/wp-json\/wp\/v2\/types\/post"}],"replies":[{"embeddable":true,"href":"https:\/\/247stiri.ro\/index.php\/wp-json\/wp\/v2\/comments?post=53248"}],"version-history":[{"count":0,"href":"https:\/\/247stiri.ro\/index.php\/wp-json\/wp\/v2\/posts\/53248\/revisions"}],"wp:featuredmedia":[{"embeddable":true,"href":"https:\/\/247stiri.ro\/index.php\/wp-json\/wp\/v2\/media\/53234"}],"wp:attachment":[{"href":"https:\/\/247stiri.ro\/index.php\/wp-json\/wp\/v2\/media?parent=53248"}],"wp:term":[{"taxonomy":"category","embeddable":true,"href":"https:\/\/247stiri.ro\/index.php\/wp-json\/wp\/v2\/categories?post=53248"},{"taxonomy":"post_tag","embeddable":true,"href":"https:\/\/247stiri.ro\/index.php\/wp-json\/wp\/v2\/tags?post=53248"}],"curies":[{"name":"wp","href":"https:\/\/api.w.org\/{rel}","templated":true}]}}