{"id":53310,"date":"2025-12-22T08:44:49","date_gmt":"2025-12-22T08:44:49","guid":{"rendered":"https:\/\/247stiri.ro\/index.php\/2025\/12\/22\/asasinat-la-moscova-general-rus-ucis-intr-o-explozie-era-un-apropiat-al-lui-putin-video\/"},"modified":"2025-12-22T08:44:49","modified_gmt":"2025-12-22T08:44:49","slug":"asasinat-la-moscova-general-rus-ucis-intr-o-explozie-era-un-apropiat-al-lui-putin-video","status":"publish","type":"post","link":"https:\/\/247stiri.ro\/index.php\/2025\/12\/22\/asasinat-la-moscova-general-rus-ucis-intr-o-explozie-era-un-apropiat-al-lui-putin-video\/","title":{"rendered":"Asasinat la Moscova: general rus, ucis \u00eentr-o explozie. Era un apropiat al lui Putin VIDEO"},"content":{"rendered":"<p>Locotenentul general Fanil Sarvarov, \u0219eful direc\u021biei de instruire opera\u021bional\u0103 a armatei din cadrul Statului Major General rus, a fost ucis, a declarat comisia.<\/p>\n<p>\ud83d\udc80 Officially, Lieutenant General of the Russian Federation, Fanil Sarvarov, was eliminated in Moscow.A car bomb exploded in Moscow this morning. <a href=\"https:\/\/t.co\/HDbYH4GzkD\">pic.twitter.com\/HDbYH4GzkD<\/a><\/p>\n<p>\u2014 MAKS 25 \ud83c\uddfa\ud83c\udde6\ud83d\udc40 (@Maks_NAFO_FELLA) <a href=\"https:\/\/twitter.com\/Maks_NAFO_FELLA\/status\/2002999248460341646?ref_src=twsrc%5Etfw\">December 22, 2025<\/a><\/p>\n<p>Comisia a declarat c\u0103 una dintre versiunile investigate este c\u0103 bomba a fost plasat\u0103 de serviciile speciale ucrainene.<\/p>\n<p>Potrivit serviciilor de urgen\u021b\u0103, ma\u0219ina a explodat \u00een curtea unei cl\u0103diri din sudul Moscovei. Incidentul a avut loc pe strada Iasenevaia.<\/p>\n<p>Explozia s-a produs dup\u0103 ce \u0219oferul a urcat \u00een ma\u0219ina sa, o Kia Sorento. Potrivit site-ului rusesc independent Baza, acesta a reu\u0219it s\u0103 conduc\u0103 c\u00e2\u021biva metri \u00eenainte ca ma\u0219ina s\u0103 explodeze.<\/p>\n<p>B\u0103rbatul a r\u0103mas blocat \u00een interiorul ma\u0219inii. Dup\u0103 ce salvatorii au reu\u0219it s\u0103-l scoat\u0103, acesta a fost internat \u00een stare critic\u0103.<\/p>\n<p>Potrivit The Moscow Times, generalul Sarvarov a participat la opera\u021biuni de lupt\u0103 \u00een Cecenia \u0219i \u00een conflictul din Osetia-Ingu\u0219etia \u00eentre 1992 \u0219i 2003. \u00cen 2015-2016, el a participat \u0219i la opera\u021biunea din Siria.<\/p>\n<p>High-ranking Russian general Fanil Sarvarov has been assassinated in a car blast in Moscow. <a href=\"https:\/\/t.co\/Ytzk7L989e\">pic.twitter.com\/Ytzk7L989e<\/a><\/p>\n<p>\u2014 Illia Ponomarenko \ud83c\uddfa\ud83c\udde6 (@IAPonomarenko) <a href=\"https:\/\/twitter.com\/IAPonomarenko\/status\/2003000300375060704?ref_src=twsrc%5Etfw\">December 22, 2025<\/a><\/p>","protected":false},"excerpt":{"rendered":"<p>Locotenentul general Fanil Sarvarov, \u0219eful direc\u021biei de instruire opera\u021bional\u0103 a armatei din cadrul Statului Major&hellip;<\/p>\n","protected":false},"author":0,"featured_media":53311,"comment_status":"open","ping_status":"open","sticky":false,"template":"","format":"standard","meta":{"footnotes":""},"categories":[4],"tags":[],"class_list":["post-53310","post","type-post","status-publish","format-standard","has-post-thumbnail","hentry","category-extern"],"_links":{"self":[{"href":"https:\/\/247stiri.ro\/index.php\/wp-json\/wp\/v2\/posts\/53310","targetHints":{"allow":["GET"]}}],"collection":[{"href":"https:\/\/247stiri.ro\/index.php\/wp-json\/wp\/v2\/posts"}],"about":[{"href":"https:\/\/247stiri.ro\/index.php\/wp-json\/wp\/v2\/types\/post"}],"replies":[{"embeddable":true,"href":"https:\/\/247stiri.ro\/index.php\/wp-json\/wp\/v2\/comments?post=53310"}],"version-history":[{"count":0,"href":"https:\/\/247stiri.ro\/index.php\/wp-json\/wp\/v2\/posts\/53310\/revisions"}],"wp:featuredmedia":[{"embeddable":true,"href":"https:\/\/247stiri.ro\/index.php\/wp-json\/wp\/v2\/media\/53311"}],"wp:attachment":[{"href":"https:\/\/247stiri.ro\/index.php\/wp-json\/wp\/v2\/media?parent=53310"}],"wp:term":[{"taxonomy":"category","embeddable":true,"href":"https:\/\/247stiri.ro\/index.php\/wp-json\/wp\/v2\/categories?post=53310"},{"taxonomy":"post_tag","embeddable":true,"href":"https:\/\/247stiri.ro\/index.php\/wp-json\/wp\/v2\/tags?post=53310"}],"curies":[{"name":"wp","href":"https:\/\/api.w.org\/{rel}","templated":true}]}}