{"id":53358,"date":"2025-12-22T10:45:35","date_gmt":"2025-12-22T10:45:35","guid":{"rendered":"https:\/\/247stiri.ro\/index.php\/2025\/12\/22\/nu-mai-pot-trai-asa-povestea-romancei-care-a-decis-sa-plece-din-tara-desi-spune-ca-nu-i-a-lipsit-nimic-video\/"},"modified":"2025-12-22T10:45:35","modified_gmt":"2025-12-22T10:45:35","slug":"nu-mai-pot-trai-asa-povestea-romancei-care-a-decis-sa-plece-din-tara-desi-spune-ca-nu-i-a-lipsit-nimic-video","status":"publish","type":"post","link":"https:\/\/247stiri.ro\/index.php\/2025\/12\/22\/nu-mai-pot-trai-asa-povestea-romancei-care-a-decis-sa-plece-din-tara-desi-spune-ca-nu-i-a-lipsit-nimic-video\/","title":{"rendered":"\u201eNu mai pot tr\u0103i a\u0219a\u201d. Povestea rom\u00e2ncei care a decis s\u0103 plece din \u021bar\u0103 de\u0219i spune c\u0103 nu i-a lipsit nimic. Video"},"content":{"rendered":"<p>T\u00e2n\u0103ra afirm\u0103 c\u0103 motivele care au \u00eempins-o spre aceast\u0103 decizie nu au leg\u0103tur\u0103 cu veniturile. Ea poveste\u0219te c\u0103 are un apartament, o ma\u0219in\u0103 de care este mul\u021bumit\u0103, prieteni \u0219i o via\u021b\u0103 confortabil\u0103 \u00een Rom\u00e2nia. Totu\u0219i, spune c\u0103 s-a s\u0103turat s\u0103 fie nevoit\u0103 s\u0103 lupte constant pentru drepturi elementare, s\u0103 suporte taxe mari ca antreprenor \u0219i s\u0103 se confrunte cu agresivitatea de zi cu zi.<\/p>\n<p>Experien\u021bele care au determinat plecarea<\/p>\n<p>Sabina m\u0103rturise\u0219te c\u0103 a \u00eencercat s\u0103 \u00ee\u0219i construiasc\u0103 un viitor \u00een Rom\u00e2nia, chiar dac\u0103 familia ei tr\u0103ie\u0219te \u00een str\u0103in\u0103tate de mul\u021bi ani.<\/p>\n<p>\u201eDup\u0103 dou\u0103 \u00eencerc\u0103ri e\u0219uate la locurile de munc\u0103 \u0219i pe pia\u021ba muncii din Rom\u00e2nia, am decis s\u0103 plec din \u021bar\u0103. Mi-am dat demisia, am \u00eenceput s\u0103-mi str\u00e2ng lucrurile \u0219i abia acum realizez c\u0103 eu chiar o s\u0103 fac chestia asta. Am tot tatonat ideea pentru c\u0103 familia mea locuie\u0219te \u00een alt\u0103 \u021bar\u0103 de foarte mult timp, de c\u00e2nd eram mic\u0103. Merg\u00e2nd mereu acolo \u0219i v\u0103z\u00e2nd cum arat\u0103 joburile, ce \u00eenseamn\u0103 respectul pe pia\u021ba muncii, ce \u00eenseamn\u0103 o asigurare de s\u0103n\u0103tate care chiar func\u021bioneaz\u0103, toate astea mi-au dat de g\u00e2ndit. Am a\u0219teptat s\u0103-mi termin facultatea \u00een Rom\u00e2nia, m-am \u00eentors pentru asta, de\u0219i am stat o perioad\u0103 destul de lung\u0103 acolo. Am f\u0103cut liceul \u00een str\u0103in\u0103tate \u0219i apoi m-am \u00eentors aici. Am zis: gata, dau bacul \u0219i apoi \u00eemi fac un business,\u201d a povestit ea.<\/p>\n<p>De ce nu mai vrea s\u0103 r\u0103m\u00e2n\u0103<\/p>\n<p>Sabina a explicat \u0219i motivele concrete care au dus la hot\u0103r\u00e2rea de a pleca, de\u0219i nu a dus lips\u0103 de bani.<\/p>\n<p>\u201eAm avut un restaurant, s-a numit Nabrij. Poate l-a\u021bi v\u0103zut pe TikTok, pentru c\u0103 a\u0219a am \u00eenceput eu s\u0103 fac TikTok, dar mi-am dat seama c\u0103, fie c\u0103 \u00eencerci ceva pe cont propriu, fie c\u0103 e\u0219ti angajat, taxele te rup \u0219i oricum r\u0103m\u00e2i cu foarte pu\u021bin la final de lun\u0103. \u0218i nu v\u0103 imagina\u021bi c\u0103 am decis s\u0103 fac mutarea asta pentru bani, pentru c\u0103 tr\u0103iesc bine \u0219i \u00een Rom\u00e2nia. Am un apartament, am o ma\u0219in\u0103 de care sunt mul\u021bumit\u0103, am cuno\u0219tin\u021be, am prieteni aici. Nu mi-a lipsit niciodat\u0103 ceva, nu am fost \u00een situa\u021bia \u00een care s\u0103 nu-mi permit o pereche de adida\u0219i. Eu mereu am avut bani, dar este vorba de societate. Este vorba de societatea \u00een care tr\u0103iesc \u00een fiecare zi, de \u00eenjur\u0103turile de la semafor, de faptul c\u0103 atunci c\u00e2nd \u00eemi cer un drept \u0219tiu c\u0103 este mult mai probabil s\u0103 trebuiasc\u0103 s\u0103 m\u0103 lupt pentru el dec\u00e2t s\u0103 mi se dea pentru c\u0103 mi se cuvine. Lucrul \u0103sta, pentru mine, este obositor. M-am plictisit \u0219i am obosit s\u0103 tot trag,\u201d a mai spus t\u00e2n\u0103ra.<\/p>\n<p><a title=\"@itsmexsabina\" href=\"https:\/\/www.tiktok.com\/@itsmexsabina?refer=embed\" target=\"_blank\">@itsmexsabina<\/a> Tr\u0103im \u00een Rom\u00e2nia \u0219i asta ne ocup\u0103 tot timpul. Societatea \u00een care tr\u0103ie\u0219ti face diferen\u021ba \u00eentre stres \u0219i via\u021b\u0103 lini\u0219tit\u0103. <a title=\"viral_video\" href=\"https:\/\/www.tiktok.com\/tag\/viral_video?refer=embed\" target=\"_blank\">#viral_video<\/a> <a title=\"foryoupage\u2764\ufe0f\u2764\ufe0f\" href=\"https:\/\/www.tiktok.com\/tag\/foryoupage%E2%9D%A4%EF%B8%8F%E2%9D%A4%EF%B8%8F?refer=embed\" target=\"_blank\">#foryoupage\u2764\ufe0f\u2764\ufe0f<\/a> <a title=\"toughts\" href=\"https:\/\/www.tiktok.com\/tag\/toughts?refer=embed\" target=\"_blank\">#toughts<\/a> <a title=\"fyp\" href=\"https:\/\/www.tiktok.com\/tag\/fyp?refer=embed\" target=\"_blank\">#fyp<\/a> <a title=\"romania\" href=\"https:\/\/www.tiktok.com\/tag\/romania?refer=embed\" target=\"_blank\">#romania<\/a> <a title=\"\u266c Snowy Morning - FREDERIC BOUCHAL\" href=\"https:\/\/www.tiktok.com\/music\/Snowy-Morning-7273791318668871741?refer=embed\" target=\"_blank\">\u266c Snowy Morning &#8211; FREDERIC BOUCHAL<\/a>O decizie definitiv\u0103<\/p>\n<p>Pentru Sabina, plecarea nu este o aventur\u0103, ci o hot\u0103r\u00e2re pe termen lung. Spune c\u0103 a \u00eencercat s\u0103 r\u0103m\u00e2n\u0103, a \u00eencercat s\u0103 construiasc\u0103, dar a ajuns la concluzia c\u0103 mediul social \u0219i modul \u00een care func\u021bioneaz\u0103 institu\u021biile o epuizeaz\u0103.<\/p>\n<p><a title=\"Ce trebuie sa stii cand vizitezi aceste tari. Maniere si obiceiuri din anumite zone de pe glob\" href=\"https:\/\/www.realitatea.net\/stiri\/lifestyle\/ce-trebuie-sa-stii-cand-vizitezi-aceste-tari-maniere-si-obiceiuri-din-anumite-zone-de-pe-glob_6949149a167a8030f72f4bd2\">Ce trebuie s\u0103 \u0219tii c\u00e2nd vizitezi aceste \u021b\u0103ri. Maniere \u0219i obiceiuri din anumite zone de pe glob<\/a><\/p>","protected":false},"excerpt":{"rendered":"<p>T\u00e2n\u0103ra afirm\u0103 c\u0103 motivele care au \u00eempins-o spre aceast\u0103 decizie nu au leg\u0103tur\u0103 cu veniturile.&hellip;<\/p>\n","protected":false},"author":0,"featured_media":53359,"comment_status":"open","ping_status":"open","sticky":false,"template":"","format":"standard","meta":{"footnotes":""},"categories":[2],"tags":[],"class_list":["post-53358","post","type-post","status-publish","format-standard","has-post-thumbnail","hentry","category-actual"],"_links":{"self":[{"href":"https:\/\/247stiri.ro\/index.php\/wp-json\/wp\/v2\/posts\/53358","targetHints":{"allow":["GET"]}}],"collection":[{"href":"https:\/\/247stiri.ro\/index.php\/wp-json\/wp\/v2\/posts"}],"about":[{"href":"https:\/\/247stiri.ro\/index.php\/wp-json\/wp\/v2\/types\/post"}],"replies":[{"embeddable":true,"href":"https:\/\/247stiri.ro\/index.php\/wp-json\/wp\/v2\/comments?post=53358"}],"version-history":[{"count":0,"href":"https:\/\/247stiri.ro\/index.php\/wp-json\/wp\/v2\/posts\/53358\/revisions"}],"wp:featuredmedia":[{"embeddable":true,"href":"https:\/\/247stiri.ro\/index.php\/wp-json\/wp\/v2\/media\/53359"}],"wp:attachment":[{"href":"https:\/\/247stiri.ro\/index.php\/wp-json\/wp\/v2\/media?parent=53358"}],"wp:term":[{"taxonomy":"category","embeddable":true,"href":"https:\/\/247stiri.ro\/index.php\/wp-json\/wp\/v2\/categories?post=53358"},{"taxonomy":"post_tag","embeddable":true,"href":"https:\/\/247stiri.ro\/index.php\/wp-json\/wp\/v2\/tags?post=53358"}],"curies":[{"name":"wp","href":"https:\/\/api.w.org\/{rel}","templated":true}]}}