{"id":53362,"date":"2025-12-22T10:45:37","date_gmt":"2025-12-22T10:45:37","guid":{"rendered":"https:\/\/247stiri.ro\/index.php\/2025\/12\/22\/drifturi-terminate-in-vitrina-unui-supermarket-din-lugoj-un-tanar-de-20-de-ani-s-a-ales-cu-permisul-suspendat\/"},"modified":"2025-12-22T10:45:37","modified_gmt":"2025-12-22T10:45:37","slug":"drifturi-terminate-in-vitrina-unui-supermarket-din-lugoj-un-tanar-de-20-de-ani-s-a-ales-cu-permisul-suspendat","status":"publish","type":"post","link":"https:\/\/247stiri.ro\/index.php\/2025\/12\/22\/drifturi-terminate-in-vitrina-unui-supermarket-din-lugoj-un-tanar-de-20-de-ani-s-a-ales-cu-permisul-suspendat\/","title":{"rendered":"Drifturi terminate \u00een vitrina unui supermarket din Lugoj: un t\u00e2n\u0103r de 20 de ani s-a ales cu permisul suspendat"},"content":{"rendered":"<p>\u201dLa data de 22 decembrie, \u00een jurul orei 00:30, poli\u0163i\u015ftii au fost sesiza\u0163i cu privire la producerea unui incident rutier \u00een municipiul Lugoj. Din verific\u0103rile efectuate a rezultat faptul c\u0103 un t\u00e2n\u0103r de 20 de ani a condus un autoturism \u00een parcarea unei societ\u0103\u0163i comerciale situate pe strada Timi\u015forii, iar la un moment dat a p\u0103truns cu autoturismul \u00een interiorul societ\u0103\u0163ii, fiind provocate doar pagube materiale\u201d, a transmis IPJ Timi\u015f.<\/p>\n<p>\u00a0Potrivit sursei citate, t\u00e2n\u0103rul a manifestat comportament agresiv \u00een trafic, dup\u0103 ce a f\u0103cut drifturi.\u00a0\u201d\u00cen urma celor constatate, s-a stabilit c\u0103 acesta a manifestat un comportament agresiv \u00een trafic, const\u00e2nd \u00een \u00eentoarcerea vehiculului prin folosirea fr\u00e2nei de ajutor, precum \u015fi pornirea vehiculului de pe loc prin patinarea excesiv\u0103, \u00een gol, a ro\u0163ilor\u201d, a precizat IPJ Timi\u015f.\u00a0\u015eoferul a fost amendat cu 2.835 de lei, fiindu-i totodat\u0103 re\u0163inut permisul de conducere pentru o perioad\u0103 de 120 de zile.<\/p>","protected":false},"excerpt":{"rendered":"<p>\u201dLa data de 22 decembrie, \u00een jurul orei 00:30, poli\u0163i\u015ftii au fost sesiza\u0163i cu privire&hellip;<\/p>\n","protected":false},"author":0,"featured_media":53363,"comment_status":"open","ping_status":"open","sticky":false,"template":"","format":"standard","meta":{"footnotes":""},"categories":[2],"tags":[],"class_list":["post-53362","post","type-post","status-publish","format-standard","has-post-thumbnail","hentry","category-actual"],"_links":{"self":[{"href":"https:\/\/247stiri.ro\/index.php\/wp-json\/wp\/v2\/posts\/53362","targetHints":{"allow":["GET"]}}],"collection":[{"href":"https:\/\/247stiri.ro\/index.php\/wp-json\/wp\/v2\/posts"}],"about":[{"href":"https:\/\/247stiri.ro\/index.php\/wp-json\/wp\/v2\/types\/post"}],"replies":[{"embeddable":true,"href":"https:\/\/247stiri.ro\/index.php\/wp-json\/wp\/v2\/comments?post=53362"}],"version-history":[{"count":0,"href":"https:\/\/247stiri.ro\/index.php\/wp-json\/wp\/v2\/posts\/53362\/revisions"}],"wp:featuredmedia":[{"embeddable":true,"href":"https:\/\/247stiri.ro\/index.php\/wp-json\/wp\/v2\/media\/53363"}],"wp:attachment":[{"href":"https:\/\/247stiri.ro\/index.php\/wp-json\/wp\/v2\/media?parent=53362"}],"wp:term":[{"taxonomy":"category","embeddable":true,"href":"https:\/\/247stiri.ro\/index.php\/wp-json\/wp\/v2\/categories?post=53362"},{"taxonomy":"post_tag","embeddable":true,"href":"https:\/\/247stiri.ro\/index.php\/wp-json\/wp\/v2\/tags?post=53362"}],"curies":[{"name":"wp","href":"https:\/\/api.w.org\/{rel}","templated":true}]}}