{"id":53369,"date":"2025-12-22T11:44:56","date_gmt":"2025-12-22T11:44:56","guid":{"rendered":"https:\/\/247stiri.ro\/index.php\/2025\/12\/22\/parlamentarii-suveranisti-discuta-initierea-suspendarii-presedintelui-nicusor-dan-de-cate-semnaturi-au-nevoie\/"},"modified":"2025-12-22T11:44:56","modified_gmt":"2025-12-22T11:44:56","slug":"parlamentarii-suveranisti-discuta-initierea-suspendarii-presedintelui-nicusor-dan-de-cate-semnaturi-au-nevoie","status":"publish","type":"post","link":"https:\/\/247stiri.ro\/index.php\/2025\/12\/22\/parlamentarii-suveranisti-discuta-initierea-suspendarii-presedintelui-nicusor-dan-de-cate-semnaturi-au-nevoie\/","title":{"rendered":"Parlamentarii suverani\u0219ti discut\u0103 ini\u021bierea suspend\u0103rii pre\u0219edintelui Nicu\u0219or Dan: de c\u00e2te semn\u0103turi au nevoie"},"content":{"rendered":"<p>&#8222;M\u00e2ine vom reuni to\u021bi parlamentarii suverani\u0219ti la Parlament pentru a vedea pe c\u00e2te semn\u0103turi putem conta. Pentru c\u0103, dac\u0103 POT nu semneaz\u0103, a\u0219a cum am v\u0103zut ast\u0103zi o declara\u021bie, atunci nu vom avea num\u0103rul necesar de semn\u0103turi sub nicio form\u0103&#8221;, a spus luni Avr\u0103mescu, la Palatul Parlamentului, \u00eentrebat fiind dac\u0103 AUR sus\u021bine suspendarea pre\u0219edintelui Nicu\u0219or Dan, care ar urma s\u0103 fie ini\u021biat\u0103 de un grup de senatori \u0219i deputa\u021bi din Grupul PACE &#8211; \u00cent\u00e2i Rom\u00e2nia.<\/p>\n<p>El a men\u021bionat c\u0103 pentru a ini\u021bia suspendarea \u0219efului statului ar fi nevoie de 155 de semn\u0103turi ale parlamentarilor \u0219i a precizat c\u0103 ar putea ap\u0103rea sus\u021bin\u0103tori ai acestui demers \u0219i din r\u00e2ndul PSD, PNL \u0219i USR.<\/p>\n<p>&#8222;P\u00e2n\u0103 la urm\u0103, dac\u0103 \u00eentr-adev\u0103r vor o justi\u021bie corect\u0103, vor cu adev\u0103rat ca lucrurile s\u0103 se \u00eendrepte, s\u0103 fie o reform\u0103 real\u0103, mi se pare c\u0103, \u00een momentul \u00een care se sesizeaz\u0103 un anumit abuz, o anumit\u0103, s\u0103 zicem a\u0219a, \u00eenc\u0103lcare a separa\u021biei puterilor \u00een stat din partea pre\u0219edintelui, am \u00eencredere c\u0103 exist\u0103 \u0219i parlamentari care totu\u0219i pot apela \u0219i la con\u0219tiin\u021ba proprie, nu doar la comenzile de partid. (&#8230;) E un demers normal. \u0218i cine \u00een\u021belege gravitatea unei asemenea, s\u0103 zicem a\u0219a, \u00eenc\u0103lc\u0103ri a separa\u021biei puterilor \u00een stat nu trebuie s\u0103 te duci c\u0103tre ei s\u0103 negociezi, ci trebuie ei s\u0103 vin\u0103 s\u0103 sus\u021bin\u0103 un asemenea demers&#8221;, a afirmat Avr\u0103mescu.<\/p>\n<p>Un grup de senatori \u0219i deputa\u021bi inten\u021bioneaz\u0103 s\u0103 depun\u0103 \u00een Parlament o cerere de suspendare din func\u021bie a pre\u0219edintelui Nicu\u0219or Dan, pentru &#8222;atacuri asupra independen\u021bei justi\u021biei&#8221;.<\/p>\n<p>&#8222;Pre\u0219edintele a f\u0103cut declara\u021bii publice prin care a contestat autoritatea \u0219i deciziile CSM. Pre\u0219edintele Rom\u00e2niei, Nicu\u0219or Dan, a anun\u021bat inten\u021bia de a organiza un referendum adresat membrilor sistemului judiciar, viz\u00e2nd modul de organizare \u0219i func\u021bionare al Consiliului Superior al Magistraturii (CSM). Aceast\u0103 ac\u021biune constituie o ingerin\u021b\u0103 direct\u0103 \u00eentr-un organ constitu\u021bional independent, \u00eenc\u0103lc\u00e2nd atribu\u021biile sale prev\u0103zute de Constitu\u021bie \u0219i submin\u00e2nd principiul separa\u021biei puterilor \u00een stat&#8221;, se arat\u0103 \u00eentr-o cerere adresat\u0103 pre\u0219edin\u021bilor Senatului \u0219i Camerei Deputa\u021bilor \u0219i semnat\u0103, \u00een numele ini\u021biatorilor, de senatorul Ninel Peia, din Grupul PACE &#8211; \u00cent\u00e2i Rom\u00e2nia.<\/p>\n<p>Potrivit documentului, ac\u021biunile pre\u0219edintelui genereaz\u0103 presiuni asupra magistra\u021bilor \u0219i sl\u0103besc percep\u021bia public\u0103 asupra impar\u021bialit\u0103\u021bii justi\u021biei.\u00a0<\/p>\n<p>MATERIAL PUBLICITAR POLITIC PARTIDUL ALIAN\u021aA PENTRU UNIREA ROMANILOR (AUR) Notificare privind transparen\u021ba la <a href=\"https:\/\/l.facebook.com\/l.php?u=https%3A%2F%2Fwww.realitatea.net%2Fnotificare-transparenta-publicitate-politica%3Ffbclid%3DIwZXh0bgNhZW0CMTAAYnJpZBEwQzFRb3RtbXNWdDNpcTNNdHNydGMGYXBwX2lkEDIyMjAzOTE3ODgyMDA4OTIAAR51QgITFeciS17I-Ycv8BbkFY22nap3PWBqoGKj7-QU_qbBITMawhmL34ybxA_aem_LqQU-AdYx7kFG0eLs-_1vg&amp;h=AT1tzhRgBG2gP1flZsw794FpePICcowJpiXTwm0PssoMUPPQ9Rk7aodH7KtW5J15WqgJzMWHJQbUvvir59OPa3KvG1H5bmhTI0YbG2aOABKJE9plCQ_6CrajUn-YuqoGZ8CT0g\">https:\/\/www.realitatea.net\/notificare-transparenta-publicitate-politica<\/a><\/p>","protected":false},"excerpt":{"rendered":"<p>&#8222;M\u00e2ine vom reuni to\u021bi parlamentarii suverani\u0219ti la Parlament pentru a vedea pe c\u00e2te semn\u0103turi putem&hellip;<\/p>\n","protected":false},"author":0,"featured_media":53370,"comment_status":"open","ping_status":"open","sticky":false,"template":"","format":"standard","meta":{"footnotes":""},"categories":[3],"tags":[],"class_list":["post-53369","post","type-post","status-publish","format-standard","has-post-thumbnail","hentry","category-politica"],"_links":{"self":[{"href":"https:\/\/247stiri.ro\/index.php\/wp-json\/wp\/v2\/posts\/53369","targetHints":{"allow":["GET"]}}],"collection":[{"href":"https:\/\/247stiri.ro\/index.php\/wp-json\/wp\/v2\/posts"}],"about":[{"href":"https:\/\/247stiri.ro\/index.php\/wp-json\/wp\/v2\/types\/post"}],"replies":[{"embeddable":true,"href":"https:\/\/247stiri.ro\/index.php\/wp-json\/wp\/v2\/comments?post=53369"}],"version-history":[{"count":0,"href":"https:\/\/247stiri.ro\/index.php\/wp-json\/wp\/v2\/posts\/53369\/revisions"}],"wp:featuredmedia":[{"embeddable":true,"href":"https:\/\/247stiri.ro\/index.php\/wp-json\/wp\/v2\/media\/53370"}],"wp:attachment":[{"href":"https:\/\/247stiri.ro\/index.php\/wp-json\/wp\/v2\/media?parent=53369"}],"wp:term":[{"taxonomy":"category","embeddable":true,"href":"https:\/\/247stiri.ro\/index.php\/wp-json\/wp\/v2\/categories?post=53369"},{"taxonomy":"post_tag","embeddable":true,"href":"https:\/\/247stiri.ro\/index.php\/wp-json\/wp\/v2\/tags?post=53369"}],"curies":[{"name":"wp","href":"https:\/\/api.w.org\/{rel}","templated":true}]}}