{"id":53379,"date":"2025-12-22T11:45:02","date_gmt":"2025-12-22T11:45:02","guid":{"rendered":"https:\/\/247stiri.ro\/index.php\/2025\/12\/22\/protest-cu-scantei-la-ministerul-finantelor-angajatii-elcen-au-incercat-sa-patrunda-in-institutie-ciocniri-intre-protestatari-si-fortele-de-ordine-video\/"},"modified":"2025-12-22T11:45:02","modified_gmt":"2025-12-22T11:45:02","slug":"protest-cu-scantei-la-ministerul-finantelor-angajatii-elcen-au-incercat-sa-patrunda-in-institutie-ciocniri-intre-protestatari-si-fortele-de-ordine-video","status":"publish","type":"post","link":"https:\/\/247stiri.ro\/index.php\/2025\/12\/22\/protest-cu-scantei-la-ministerul-finantelor-angajatii-elcen-au-incercat-sa-patrunda-in-institutie-ciocniri-intre-protestatari-si-fortele-de-ordine-video\/","title":{"rendered":"Protest cu sc\u00e2ntei la Ministerul Finan\u021belor. Angaja\u021bii ELCEN au \u00eencercat s\u0103 p\u0103trund\u0103 \u00een institu\u021bie, ciocniri \u00eentre protestatari \u0219i for\u021bele de ordine. VIDEO"},"content":{"rendered":"<p>Tentativ\u0103 de a intra \u00een minister<\/p>\n<p>La un moment dat, spiritele s-au \u00eencins, iar o parte dintre protestatari au \u00eencercat s\u0103 p\u0103trund\u0103 \u00een cl\u0103direa Ministerului Finan\u021belor. For\u021bele de ordine, prezente \u00een num\u0103r mare, au blocat accesul \u0219i au format un cordon pentru a preveni escaladarea situa\u021biei.<\/p>\n<p>\u201eS\u0103r\u0103cia ne-a scos \u00een strad\u0103\u201d<\/p>\n<p>Protestatarii spun c\u0103 m\u0103surile de austeritate i-au adus \u00een pragul disper\u0103rii. Mul\u021bi dintre ei sus\u021bin c\u0103, dup\u0103 t\u0103ierea veniturilor, nu mai pot acoperi cheltuielile de baz\u0103.<\/p>\n<p>Oamenii au venit cu pancarte pe care se putea citi:<\/p>\n<p>\u201eSiguran\u021ba termic\u0103 nu se negociaz\u0103\u201d<\/p>\n<p>\u201eNe t\u0103ia\u021bi veniturile, dar vre\u021bi siguran\u021b\u0103 energetic\u0103\u201d<\/p>\n<p>Mesajele lor sunt \u00eendreptate at\u00e2t c\u0103tre conducerea ministerului, c\u00e2t \u0219i c\u0103tre autorit\u0103\u021bile care au decis reducerea salariilor.<\/p>\n\n<p>Protest p\u00e2n\u0103 la ora 13<\/p>\n<p>Manifestan\u021bii au anun\u021bat c\u0103 vor r\u0103m\u00e2ne \u00een fa\u021ba institu\u021biei p\u00e2n\u0103 la ora 13. Ei cer revenirea la salariile anterioare \u0219i spun c\u0103 nu vor renun\u021ba la proteste p\u00e2n\u0103 c\u00e2nd situa\u021bia lor nu va fi luat\u0103 \u00een considerare.<\/p>\n<p>For\u021be de ordine mobilizate masiv<\/p>\n<p>Zona din fa\u021ba Ministerului Finan\u021belor este \u00een continuare puternic supravegheat\u0103. Jandarmii \u0219i poli\u021bi\u0219tii \u00eencearc\u0103 s\u0103 men\u021bin\u0103 ordinea, \u00een condi\u021biile \u00een care tensiunile r\u0103m\u00e2n ridicate.<\/p>\n<p><a title='De ce vrea Ciucu ca Primaria Capitalei sa devina proprietarul Elcen: ,,Suntem principalul lor client\"' href=\"https:\/\/www.realitatea.net\/stiri\/actual\/de-ce-vrea-ciucu-ca-primaria-capitalei-sa-devina-proprietarul-elcen-suntem-principalul-lor-client_6946f69f0eed54740f2b7612\">De ce vrea Ciucu ca Prim\u0103ria Capitalei s\u0103 devin\u0103 proprietarul Elcen: \u201eSuntem principalul lor client\u201d<\/a><\/p>","protected":false},"excerpt":{"rendered":"<p>Tentativ\u0103 de a intra \u00een minister La un moment dat, spiritele s-au \u00eencins, iar o&hellip;<\/p>\n","protected":false},"author":0,"featured_media":53380,"comment_status":"open","ping_status":"open","sticky":false,"template":"","format":"standard","meta":{"footnotes":""},"categories":[2],"tags":[],"class_list":["post-53379","post","type-post","status-publish","format-standard","has-post-thumbnail","hentry","category-actual"],"_links":{"self":[{"href":"https:\/\/247stiri.ro\/index.php\/wp-json\/wp\/v2\/posts\/53379","targetHints":{"allow":["GET"]}}],"collection":[{"href":"https:\/\/247stiri.ro\/index.php\/wp-json\/wp\/v2\/posts"}],"about":[{"href":"https:\/\/247stiri.ro\/index.php\/wp-json\/wp\/v2\/types\/post"}],"replies":[{"embeddable":true,"href":"https:\/\/247stiri.ro\/index.php\/wp-json\/wp\/v2\/comments?post=53379"}],"version-history":[{"count":0,"href":"https:\/\/247stiri.ro\/index.php\/wp-json\/wp\/v2\/posts\/53379\/revisions"}],"wp:featuredmedia":[{"embeddable":true,"href":"https:\/\/247stiri.ro\/index.php\/wp-json\/wp\/v2\/media\/53380"}],"wp:attachment":[{"href":"https:\/\/247stiri.ro\/index.php\/wp-json\/wp\/v2\/media?parent=53379"}],"wp:term":[{"taxonomy":"category","embeddable":true,"href":"https:\/\/247stiri.ro\/index.php\/wp-json\/wp\/v2\/categories?post=53379"},{"taxonomy":"post_tag","embeddable":true,"href":"https:\/\/247stiri.ro\/index.php\/wp-json\/wp\/v2\/tags?post=53379"}],"curies":[{"name":"wp","href":"https:\/\/api.w.org\/{rel}","templated":true}]}}