{"id":53384,"date":"2025-12-22T12:44:46","date_gmt":"2025-12-22T12:44:46","guid":{"rendered":"https:\/\/247stiri.ro\/index.php\/2025\/12\/22\/gabriel-oprea-recunostinta-smerenie-si-adevar-marturisire-inainte-de-nasterea-domnului\/"},"modified":"2025-12-22T12:44:46","modified_gmt":"2025-12-22T12:44:46","slug":"gabriel-oprea-recunostinta-smerenie-si-adevar-marturisire-inainte-de-nasterea-domnului","status":"publish","type":"post","link":"https:\/\/247stiri.ro\/index.php\/2025\/12\/22\/gabriel-oprea-recunostinta-smerenie-si-adevar-marturisire-inainte-de-nasterea-domnului\/","title":{"rendered":"Gabriel Oprea: \u201dRecuno\u0219tin\u021b\u0103, smerenie \u0219i adev\u0103r \u2013 m\u0103rturisire \u00eenainte de Na\u0219terea Domnului\u201d"},"content":{"rendered":"<p>\u201d\u00cen pragul S\u0103rb\u0103torii Na\u0219terii Domnului, simt nevoia profund\u0103 de a face un gest public de recuno\u0219tin\u021b\u0103, smerenie \u0219i adev\u0103r, fa\u021b\u0103 de Dumnezeu \u0219i fa\u021b\u0103 de oamenii care m-au \u021binut drept, atunci c\u00e2nd totul p\u0103rea pierdut.<\/p>\n<p>\u00cen 5 noiembrie 2015, \u00een ziua \u00een care Victor Ponta \u0219i-a dat demisia din func\u021bia de prim-ministru, iar eu am demisionat din func\u021biile de viceprim-ministru pentru securitate na\u021bional\u0103 \u0219i ministru al afacerilor interne, am primit un mesaj care mi-a r\u0103mas \u00een suflet pentru totdeauna.<\/p>\n<p>Mesajul a venit de la P\u0103rintele Ignatie, stare\u021bul M\u0103n\u0103stirii \u201eSfin\u021bii Mihail \u0219i Gavril\u201d din Gala\u021bi.<\/p>\n<p>\u00cen acea zi grea, p\u0103rintele mi-a scris c\u0103 \u0219tie c\u0103 sunt nevinovat, c\u0103 se roag\u0103 pentru mine \u0219i c\u0103 are credin\u021ba c\u0103 Dumnezeu m\u0103 va ajuta s\u0103-mi dovedesc nevinov\u0103\u021bia, pentru c\u0103 \u0219tie c\u0103 sunt un patriot credincios.<\/p>\n<p>De atunci, de 10 ani, \u0219i ast\u0103zi, p\u0103rintele Ignatie \u00eemi trimite dou\u0103 rug\u0103ciuni pe zi \u2013 diminea\u021ba \u0219i seara. Prin UMPMV, aceste rug\u0103ciuni au devenit \u0219tiri de suflet pentru militarii \u0219i poli\u021bi\u0219tii activi, \u00een rezerv\u0103 \u0219i \u00een retragere, pentru oamenii care tr\u0103iesc dup\u0103 valorile: Dumnezeu Patrie Familie Onoare.<\/p>\n<p>Ast\u0103zi pot spune cu lini\u0219te \u0219i demnitate: mi-am dovedit nevinov\u0103\u021bia \u00een justi\u021bie. Fapta nu exist\u0103.<\/p>\n<p>Am ales atunci s\u0103 demisionez cu onoare din toate func\u021biile publice, chiar dac\u0103 votul din Senat a fost \u00een favoarea mea, pentru a proteja statul rom\u00e2n \u0219i institu\u021biile sale.<\/p>\n<p>Este esen\u021bial de spus un adev\u0103r de context: execu\u021bia mea politic\u0103 a avut loc imediat dup\u0103 revenirea dintr-o vizit\u0103 oficial\u0103 \u00een Statele Unite ale Americii, desf\u0103\u0219urat\u0103 \u00een a doua parte a lunii octombrie 2015, vizit\u0103 \u00een cadrul c\u0103reia, \u00een calitate de ministru al afacerilor interne \u0219i viceprim-ministru pentru securitate na\u021bional\u0103, am semnat la Washington, \u00eempreun\u0103 cu Procurorul General \/ ministrul justi\u021biei al SUA, Loretta Lynch, documentele tehnice finale privind ridicarea vizelor pentru cet\u0103\u021benii rom\u00e2ni (Visa Waiver).<\/p>\n<p>\u00cen vara lui 2015, eram omul politic \u00een care rom\u00e2nii aveau cea mai mare \u00eencredere \u2013 peste 53%. Am devenit \u021binta unei execu\u021bii politice pentru c\u0103 am refuzat s\u0103-mi tr\u0103dez \u021bara.<\/p>\n<p>Am refuzat o cerere transmis\u0103 oficial la Palatul Victoria, \u00een perioada \u00een care eram prim-ministru interimar, de c\u0103tre un consilier al administra\u021biei americane, venit \u00een mod oficial, care a vorbit explicit \u00een numele vicepre\u0219edintelui de atunci, Joe Biden. Cererea viza relocarea \u00een Rom\u00e2nia a 3.000 de mujahedini \u0219i a unei p\u0103r\u021bi din familiile lor, \u00eentr-o fost\u0103 unitate militar\u0103.Am refuzat aceast\u0103 solicitare, invoc\u00e2nd riscul terorist major pentru Rom\u00e2nia.<\/p>\n<p>Ulterior, cei 3.000 de mujahedini au fost reloca\u021bi \u00een Albania.\u00cen septembrie 2022, Albania a \u00eentrerupt oficial rela\u021biile diplomatice cu Iranul, dup\u0103 un atac cibernetic major atribuit statului iranian.Guvernul albanez a decis expulzarea personalului diplomatic iranian, acuz\u00e2nd o agresiune de stat.<\/p>\n<p>Discu\u021bia a fost documentat\u0103, cu martori institu\u021bionali, inclusiv generalul Ilie Boto\u0219, cu traducere asigurat\u0103 de un ofi\u021ber al informa\u021biilor militare. Martor \u00eemi este \u0219i Dumnezeu.<\/p>\n<p>\u00cenainte de Cr\u0103ciun, simt nevoia s\u0103 exprim recuno\u0219tin\u021b\u0103:\u2013 fa\u021b\u0103 de familia mea: so\u021bia mea Sanda \u0219i copiii mei Ana Maria \u0219i Gabriel Marin;\u2013 fa\u021b\u0103 de prietenii mei adev\u0103ra\u021bi, care au stat l\u00e2ng\u0103 mine \u0219tiind c\u0103 sunt nevinovat;\u2013 fa\u021b\u0103 de Dumnezeu, f\u0103r\u0103 de care nu a\u0219 fi putut duce aceast\u0103 cruce.<\/p>\n<p>Nu scriu aceste r\u00e2nduri pentru repro\u0219, ci pentru adev\u0103r, credin\u021b\u0103 \u0219i mul\u021bumire.<\/p>\n<p>Mul\u021bumesc, P\u0103rinte Ignatie!Mul\u021bumesc, familie!Mul\u021bumesc, prieteni adev\u0103ra\u021bi!\u00ce\u021bi mul\u021bumesc, \u021aie, Doamne!\u201d<\/p>\n<p>Cu smerenie \u0219i onoare,Gabriel Oprea<\/p>","protected":false},"excerpt":{"rendered":"<p>\u201d\u00cen pragul S\u0103rb\u0103torii Na\u0219terii Domnului, simt nevoia profund\u0103 de a face un gest public de&hellip;<\/p>\n","protected":false},"author":0,"featured_media":53385,"comment_status":"open","ping_status":"open","sticky":false,"template":"","format":"standard","meta":{"footnotes":""},"categories":[3],"tags":[],"class_list":["post-53384","post","type-post","status-publish","format-standard","has-post-thumbnail","hentry","category-politica"],"_links":{"self":[{"href":"https:\/\/247stiri.ro\/index.php\/wp-json\/wp\/v2\/posts\/53384","targetHints":{"allow":["GET"]}}],"collection":[{"href":"https:\/\/247stiri.ro\/index.php\/wp-json\/wp\/v2\/posts"}],"about":[{"href":"https:\/\/247stiri.ro\/index.php\/wp-json\/wp\/v2\/types\/post"}],"replies":[{"embeddable":true,"href":"https:\/\/247stiri.ro\/index.php\/wp-json\/wp\/v2\/comments?post=53384"}],"version-history":[{"count":0,"href":"https:\/\/247stiri.ro\/index.php\/wp-json\/wp\/v2\/posts\/53384\/revisions"}],"wp:featuredmedia":[{"embeddable":true,"href":"https:\/\/247stiri.ro\/index.php\/wp-json\/wp\/v2\/media\/53385"}],"wp:attachment":[{"href":"https:\/\/247stiri.ro\/index.php\/wp-json\/wp\/v2\/media?parent=53384"}],"wp:term":[{"taxonomy":"category","embeddable":true,"href":"https:\/\/247stiri.ro\/index.php\/wp-json\/wp\/v2\/categories?post=53384"},{"taxonomy":"post_tag","embeddable":true,"href":"https:\/\/247stiri.ro\/index.php\/wp-json\/wp\/v2\/tags?post=53384"}],"curies":[{"name":"wp","href":"https:\/\/api.w.org\/{rel}","templated":true}]}}