{"id":53390,"date":"2025-12-22T12:44:49","date_gmt":"2025-12-22T12:44:49","guid":{"rendered":"https:\/\/247stiri.ro\/index.php\/2025\/12\/22\/marile-orase-din-romania-renunta-la-artificii-de-revelion-cu-ce-le-vor-inlocui\/"},"modified":"2025-12-22T12:44:49","modified_gmt":"2025-12-22T12:44:49","slug":"marile-orase-din-romania-renunta-la-artificii-de-revelion-cu-ce-le-vor-inlocui","status":"publish","type":"post","link":"https:\/\/247stiri.ro\/index.php\/2025\/12\/22\/marile-orase-din-romania-renunta-la-artificii-de-revelion-cu-ce-le-vor-inlocui\/","title":{"rendered":"Marile ora\u0219e din Rom\u00e2nia renun\u021b\u0103 la artificii de Revelion. Cu ce le vor \u00eenlocui"},"content":{"rendered":"<p>Fenomenul cap\u0103t\u0103 amploare, iar ora\u0219e mari precum Constan\u021ba, Cluj-Napoca, Bra\u0219ov, Ia\u0219i sau Ploie\u0219ti au decis s\u0103 spun\u0103 adio focurilor de artificii, \u00eenlocuindu-le cu spectacole de lumini, lasere sau drone, solu\u021bii considerate mai prietenoase cu mediul \u0219i cu animalele.<\/p>\n<p>Constan\u021ba intr\u0103 \u00een r\u00e2ndul ora\u0219elor care renun\u021b\u0103 la artificii<\/p>\n<p>Constan\u021ba este cel mai recent municipiu care a anun\u021bat oficial c\u0103 nu va mai organiza focuri de artificii \u00een noaptea de Anul Nou. Prim\u0103ria a transmis c\u0103 dore\u0219te s\u0103 adopte o abordare modern\u0103, \u00een ton cu tendin\u021bele interna\u021bionale, \u0219i s\u0103 ofere un spectacol vizual bazat pe lumini, lasere sau drone, f\u0103r\u0103 zgomotul puternic al petardelor.<\/p>\n<p>Decizia vine \u00een contextul \u00een care tot mai multe comunit\u0103\u021bi cer alternative mai sigure \u0219i mai pu\u021bin poluante. Autorit\u0103\u021bile locale subliniaz\u0103 c\u0103 artificiile au un impact negativ at\u00e2t asupra animalelor domestice, c\u00e2t \u0219i asupra faunei urbane, iar nivelul de poluare din noaptea de 31 decembrie este semnificativ mai mare dec\u00e2t \u00een restul anului.<\/p>\n<p>Cluj-Napoca, pionierul schimb\u0103rii<\/p>\n<p>Cluj-Napoca a fost printre primele ora\u0219e care au renun\u021bat la artificii, anun\u021b\u00e2nd \u00eenc\u0103 din var\u0103 c\u0103 tradi\u021bia \u201ebubuiturilor\u201d va fi abandonat\u0103. Primarul Emil Boc declara atunci c\u0103 \u201ebubuiturile clasice vor merge \u00een istorie\u201d, iar municipalitatea a decis s\u0103 foloseasc\u0103 banii destina\u021bi artificiilor pentru un spectacol sincronizat de drone \u0219i lasere, acompaniat de muzic\u0103.<\/p>\n<p>Comunitatea a primit m\u0103sura cu entuziasm, \u00een special iubitorii de animale, care au salutat eliminarea unui factor major de stres pentru c\u00e2ini, pisici \u0219i alte animale de companie.<\/p>\n<p>Bra\u0219ov, Ia\u0219i, Suceava \u2014 ora\u0219e care au spus deja \u201enu\u201d artificiilor<\/p>\n<p>Pe urmele Clujului au mers \u0219i alte municipii importante. Bra\u0219ov, Ia\u0219i \u0219i Suceava au anun\u021bat c\u0103 Revelionul va fi marcat f\u0103r\u0103 focuri de artificii, opt\u00e2nd pentru jocuri de lumini \u0219i spectacole laser.<\/p>\n<p>Autorit\u0103\u021bile locale au explicat c\u0103 au \u021binut cont de solicit\u0103rile organiza\u021biilor pentru protec\u021bia animalelor, dar \u0219i de efectele negative ale zgomotelor puternice asupra p\u0103s\u0103rilor \u0219i animalelor din ora\u0219e.<\/p>\n<p>La Bra\u0219ov, fostul primar George Scripcaru anun\u021ba \u00eenc\u0103 din 2020 c\u0103 municipalitatea nu va mai organiza artificii \u00een centrul ora\u0219ului \u201epentru a-i proteja pe prietenii necuv\u00e2nt\u0103tori\u201d. Mesajul a fost preluat ulterior de tot mai multe administra\u021bii locale.<\/p>\n<p>Buz\u0103u \u0219i Constan\u021ba se al\u0103tur\u0103 valului de schimbare<\/p>\n<p>\u00cen noiembrie 2025, Buz\u0103ul a devenit al \u0219aselea municipiu care a renun\u021bat la artificii, aleg\u00e2nd un spectacol de lumini \u00een locul pocnitorilor. Decizia a fost motivat\u0103 de protejarea animalelor s\u0103lbatice din parcul Cr\u00e2ng, dar \u0219i a animalelor de companie.<\/p>\n<p>Viceprimarul Ionu\u021b Apostu a explicat: \u201eNe-am g\u00e2ndit c\u0103 nu este \u00een regul\u0103 s\u0103 le provoc\u0103m stres \u00eentr-un loc care, \u00een fond, este casa lor.\u201d<\/p>\n<p><a title=\"Controale stricte in perioada sarbatorilor. Ce risca romanii care vor da cu petarde si artificii de Revelion si Anul Nou\" href=\"https:\/\/www.realitatea.net\/stiri\/actual\/controale-stricte-in-perioada-sarbatorilor-ce-risca-romanii-care-vor-da-cu-petarde-si-artificii-de-revelion-si-anul-nou_69478f3cc646d8082a309262\">Controale stricte \u00een perioada s\u0103rb\u0103torilor. Ce risc\u0103 rom\u00e2nii care vor da cu petarde \u0219i artificii de Revelion \u0219i Anul Nou<\/a><\/p>\n<p>Prin aceast\u0103 hot\u0103r\u00e2re, Buz\u0103ul se al\u0103tur\u0103 ora\u0219elor Cluj-Napoca, Bra\u0219ov, Ia\u0219i, Constan\u021ba sau Gala\u021bi, care au ales s\u0103 marcheze trecerea \u00een noul an f\u0103r\u0103 zgomotul asurzitor al artificiilor.<\/p>\n<p>La Ploie\u0219ti, sute de locuitori au semnat o peti\u021bie prin care cer autorit\u0103\u021bilor locale s\u0103 adopte alternative mai pu\u021bin zgomotoase, semn c\u0103 lista ora\u0219elor care renun\u021b\u0103 la artificii devine din ce \u00een ce mai mare.<\/p>\n<p>O tendin\u021b\u0103 european\u0103 \u00een plin\u0103 expansiune<\/p>\n<p>Schimbarea nu este specific\u0103 doar Rom\u00e2niei. La nivel european, tot mai multe state reg\u00e2ndesc modul \u00een care marcheaz\u0103 trecerea dintre ani.<\/p>\n<p>\u021a\u0103rile de Jos au f\u0103cut un pas radical: \u00een 2025, Parlamentul olandez a votat interzicerea total\u0103 a v\u00e2nz\u0103rii de artificii c\u0103tre popula\u021bie, m\u0103sur\u0103 care va intra \u00een vigoare cel t\u00e2rziu la Revelionul 2026\/2027.<\/p>\n<p>Ini\u021biatorii au descris decizia drept \u201eo veste fantastic\u0103 pentru oameni \u0219i pentru animale\u201d, dup\u0103 dou\u0103 decenii de campanii sus\u021binute de politicieni, medici \u0219i servicii de urgen\u021b\u0103. Sondajele ar\u0103tau c\u0103 peste 60% dintre olandezi sus\u021bineau interdic\u021bia.<\/p>\n<p>Dup\u0103 adoptarea legii, Olanda propune un nou model de celebrare:<\/p>\n<p>artificii exclusiv profesioniste,<\/p>\n<p>spectacole cu drone,<\/p>\n<p>evenimente luminoase controlate, considerate mult mai sigure \u0219i mai pu\u021bin poluante.<\/p>\n<p><a title=\"Guvernul taie puntea de inceput de an, iar romanii pierd traditionala minivacanta. Care sunt zilele libere in 2026\" href=\"https:\/\/www.realitatea.net\/stiri\/actual\/guvernul-taie-puntea-de-inceput-de-an-iar-romanii-pierd-traditionala-minivacanta-care-sunt-zilele-libere-in-2026_6949308e36228241011869a2\">Guvernul taie puntea de \u00eenceput de an, iar rom\u00e2nii pierd tradi\u021bionala minivacan\u021b\u0103. Care sunt zilele libere \u00een 2026<\/a><\/p>","protected":false},"excerpt":{"rendered":"<p>Fenomenul cap\u0103t\u0103 amploare, iar ora\u0219e mari precum Constan\u021ba, Cluj-Napoca, Bra\u0219ov, Ia\u0219i sau Ploie\u0219ti au decis&hellip;<\/p>\n","protected":false},"author":0,"featured_media":53391,"comment_status":"open","ping_status":"open","sticky":false,"template":"","format":"standard","meta":{"footnotes":""},"categories":[2],"tags":[],"class_list":["post-53390","post","type-post","status-publish","format-standard","has-post-thumbnail","hentry","category-actual"],"_links":{"self":[{"href":"https:\/\/247stiri.ro\/index.php\/wp-json\/wp\/v2\/posts\/53390","targetHints":{"allow":["GET"]}}],"collection":[{"href":"https:\/\/247stiri.ro\/index.php\/wp-json\/wp\/v2\/posts"}],"about":[{"href":"https:\/\/247stiri.ro\/index.php\/wp-json\/wp\/v2\/types\/post"}],"replies":[{"embeddable":true,"href":"https:\/\/247stiri.ro\/index.php\/wp-json\/wp\/v2\/comments?post=53390"}],"version-history":[{"count":0,"href":"https:\/\/247stiri.ro\/index.php\/wp-json\/wp\/v2\/posts\/53390\/revisions"}],"wp:featuredmedia":[{"embeddable":true,"href":"https:\/\/247stiri.ro\/index.php\/wp-json\/wp\/v2\/media\/53391"}],"wp:attachment":[{"href":"https:\/\/247stiri.ro\/index.php\/wp-json\/wp\/v2\/media?parent=53390"}],"wp:term":[{"taxonomy":"category","embeddable":true,"href":"https:\/\/247stiri.ro\/index.php\/wp-json\/wp\/v2\/categories?post=53390"},{"taxonomy":"post_tag","embeddable":true,"href":"https:\/\/247stiri.ro\/index.php\/wp-json\/wp\/v2\/tags?post=53390"}],"curies":[{"name":"wp","href":"https:\/\/api.w.org\/{rel}","templated":true}]}}