{"id":53392,"date":"2025-12-22T12:44:50","date_gmt":"2025-12-22T12:44:50","guid":{"rendered":"https:\/\/247stiri.ro\/index.php\/2025\/12\/22\/florin-mitroi-presedintele-cj-constanta-s-a-razgandit-si-nu-mai-demisioneaza-am-decis-sa-renunt-la-demisie-pentru-linistea-judetului\/"},"modified":"2025-12-22T12:44:50","modified_gmt":"2025-12-22T12:44:50","slug":"florin-mitroi-presedintele-cj-constanta-s-a-razgandit-si-nu-mai-demisioneaza-am-decis-sa-renunt-la-demisie-pentru-linistea-judetului","status":"publish","type":"post","link":"https:\/\/247stiri.ro\/index.php\/2025\/12\/22\/florin-mitroi-presedintele-cj-constanta-s-a-razgandit-si-nu-mai-demisioneaza-am-decis-sa-renunt-la-demisie-pentru-linistea-judetului\/","title":{"rendered":"Florin Mitroi, pre\u0219edintele CJ Constan\u021ba, s-a r\u0103zg\u00e2ndit \u0219i nu mai demisioneaz\u0103: \u201eAm decis s\u0103 renun\u021b la demisie pentru lini\u0219tea jude\u021bului\u201d"},"content":{"rendered":"<p>Florin Mitroi \u00ee\u0219i anun\u021base joi demisia, invoc\u00e2nd obstacole administrative \u0219i lipsa implic\u0103rii unor factori decizionali, care \u00eel \u00eempiedicau s\u0103 realizeze obiectivele propuse pentru const\u0103n\u021beni. El subliniase de la preluarea mandatului c\u0103 va pleca dac\u0103 se simte \u00eengr\u0103dit \u00een realizarea \u201elucrurilor m\u0103re\u021be\u201d.<\/p>\n<p>\u201eAst\u0103zi am decis s\u0103 renun\u021b la demisie din dou\u0103 motive, pentru const\u0103n\u021beni, pentru lini\u0219tea jude\u021bului \u0219i pentru a duce proiectele mai departe. Dar, nu \u00een ultimul r\u00e2nd, dac\u0103 a\u021bi observat \u00een declara\u021bia mea de pres\u0103, motivul plec\u0103rii mele a fost pentru c\u0103 m\u0103 simt \u00eengr\u0103dit, lucru pe care l-am spus de la \u00eenceput, c\u00e2nd am ajuns s\u0103 preiau Consiliul Jude\u021bean, c\u0103 atunci c\u00e2nd voi sim\u021bi c\u0103 nu pot face lucruri m\u0103re\u021be pentru const\u0103n\u021beni, voi pleca\u201d, a declarat Mitroi, \u00eenaintea \u00eenceperii unei \u0219edin\u021be extraordinare a CJ Constan\u021ba.\u200bMitroi a enumerat priorit\u0103\u021bi precum Sala Polivalent\u0103, Stadionul \u201eHagi\u201d \u2013 cu CJ ca ac\u021bionar pentru cofinan\u021bare \u2013, autostrada Techirghiol \u2013 Mangalia, Spitalul \u201eMama \u0219i Copilul\u201d \u2013 mutat pe alt\u0103 ax\u0103 de finan\u021bare \u2013 \u0219i un pod de 12 km spre Ovidiu \u0219i H\u00e2r\u0219ova, ca solu\u021bie interimar\u0103 pentru drumul expres Constan\u021ba \u2013 Tulcea. Premierul Bolojan, ajuns la Constan\u021ba la finele s\u0103pt\u0103m\u00e2nii trecute \u00een contextul demisiilor din PNL jude\u021bean, a oferit garan\u021bii directe pentru aceste investi\u021bii.<\/p>\n<p>\u201eAst\u0103zi, jude\u021bul Constan\u021ba are garan\u021bia c\u0103 se va face Sala Polivalent\u0103, Stadionul &#8222;Hagi&#8221; unde vom intra \u0219i noi ac\u021bionari, Consiliul Jude\u021bean, pentru cofinan\u021bare, autostrada Techirghiol &#8211; Mangalia, se va finaliza Spitalul &#8222;Mama \u0219i Copilul&#8221; pentru c\u0103 el va pleca de pe o ax\u0103, va trece pe o alt\u0103 ax\u0103. C\u0103ut\u0103m finan\u021bare urgent\u0103 pentru podul care traverseaz\u0103 de la autostrad\u0103 spre Ovidiu, H\u00e2r\u0219ova \u0219i a\u0219a mai departe. De ce? Pentru c\u0103 se rupe din drumul expres Constan\u021ba &#8211; Tulcea pentru c\u0103 nu exist\u0103 finan\u021bare la momentul \u0103sta. De ce? \u00cen zona Babadag trebuie s\u0103 se fac\u0103 un tunel care \u00eenseamn\u0103 foarte mul\u021bi bani \u0219i se modific\u0103 proiectul. Dar p\u00e2n\u0103 atunci vom face acest pod de 12 kilometri. Pentru tot ce v-am spus eu avem garan\u021bia noi, const\u0103n\u021benii, \u00eent\u00e2lnindu-m\u0103 cu premierul Ilie Bolojan, ne-a asigurat c\u0103 toate lucrurile astea se vor rezolva pentru jude\u021bul Constan\u021ba\u201d, a mai spus pre\u0219edintele CJ.<\/p>\n<p>Decizia vine dup\u0103 demisia liderului PNL Constan\u021ba, Bogdan Hu\u021buc\u0103, \u0219i vizita lui Bolojan, care a recunoscut probleme administrative \u0219i politice \u00een filial\u0103. R\u0103m\u00e2nerea lui Mitroi asigur\u0103 stabilitate la CJ, permi\u021b\u00e2nd continuarea proiectelor pentru dezvoltarea jude\u021bului.<\/p>","protected":false},"excerpt":{"rendered":"<p>Florin Mitroi \u00ee\u0219i anun\u021base joi demisia, invoc\u00e2nd obstacole administrative \u0219i lipsa implic\u0103rii unor factori decizionali,&hellip;<\/p>\n","protected":false},"author":0,"featured_media":53383,"comment_status":"open","ping_status":"open","sticky":false,"template":"","format":"standard","meta":{"footnotes":""},"categories":[2],"tags":[],"class_list":["post-53392","post","type-post","status-publish","format-standard","has-post-thumbnail","hentry","category-actual"],"_links":{"self":[{"href":"https:\/\/247stiri.ro\/index.php\/wp-json\/wp\/v2\/posts\/53392","targetHints":{"allow":["GET"]}}],"collection":[{"href":"https:\/\/247stiri.ro\/index.php\/wp-json\/wp\/v2\/posts"}],"about":[{"href":"https:\/\/247stiri.ro\/index.php\/wp-json\/wp\/v2\/types\/post"}],"replies":[{"embeddable":true,"href":"https:\/\/247stiri.ro\/index.php\/wp-json\/wp\/v2\/comments?post=53392"}],"version-history":[{"count":0,"href":"https:\/\/247stiri.ro\/index.php\/wp-json\/wp\/v2\/posts\/53392\/revisions"}],"wp:featuredmedia":[{"embeddable":true,"href":"https:\/\/247stiri.ro\/index.php\/wp-json\/wp\/v2\/media\/53383"}],"wp:attachment":[{"href":"https:\/\/247stiri.ro\/index.php\/wp-json\/wp\/v2\/media?parent=53392"}],"wp:term":[{"taxonomy":"category","embeddable":true,"href":"https:\/\/247stiri.ro\/index.php\/wp-json\/wp\/v2\/categories?post=53392"},{"taxonomy":"post_tag","embeddable":true,"href":"https:\/\/247stiri.ro\/index.php\/wp-json\/wp\/v2\/tags?post=53392"}],"curies":[{"name":"wp","href":"https:\/\/api.w.org\/{rel}","templated":true}]}}