{"id":53393,"date":"2025-12-22T12:44:51","date_gmt":"2025-12-22T12:44:51","guid":{"rendered":"https:\/\/247stiri.ro\/index.php\/2025\/12\/22\/incepand-de-marti-soferii-se-vor-putea-bucura-de-inca-50-de-kilometri-din-autostrada-moldovei\/"},"modified":"2025-12-22T12:44:51","modified_gmt":"2025-12-22T12:44:51","slug":"incepand-de-marti-soferii-se-vor-putea-bucura-de-inca-50-de-kilometri-din-autostrada-moldovei","status":"publish","type":"post","link":"https:\/\/247stiri.ro\/index.php\/2025\/12\/22\/incepand-de-marti-soferii-se-vor-putea-bucura-de-inca-50-de-kilometri-din-autostrada-moldovei\/","title":{"rendered":"\u00cencep\u00e2nd de mar\u021bi, \u0219oferii se vor putea bucura de \u00eenc\u0103 50 de kilometri din Autostrada Moldovei"},"content":{"rendered":"<p>\u201eA\u0219teptarea a luat sf\u00e2r\u0219it! M\u00e2ine, la ora 11.00, se va circula pe segmentul de autostrad\u0103 dintre Foc\u0219ani Nord \u0219i Adjud Nord\u201d, a transmis \u0219eful CNAIR.<\/p>\n<p>Segmentul de autostrad\u0103 dintre Foc\u0219ani Nord \u0219i Adjud Nord va fi deschis traficului m\u00e2ine, la ora 11.00, a anun\u021bat \u0219eful CNAIR, Cristian Pistol.<\/p>\n<p>Tronsonul face parte din Autostrada A7 Moldovei \u0219i reprezint\u0103 un lot \u0219i jum\u0103tate din traseul Foc\u0219ani \u2013 Bac\u0103u.<\/p>\n<p>Dup\u0103 deschidere, lungimea total\u0103 a Autostr\u0103zii Moldovei dat\u0103 \u00een trafic va ajunge la 196 km, de la Ploie\u0219ti (Dumbrava) p\u00e2n\u0103 la Adjud Nord.<\/p>\n<p>Prin conexiunea cu A3, \u0219oferii vor putea parcurge aproximativ 240 km de autostrad\u0103 p\u00e2n\u0103 la Bucure\u0219ti. Deschiderea va reduce drastic timpii de deplasare \u0219i va stimula economia regiunii Moldovei.<\/p>\n<p>Restul de circa 125 km p\u00e2n\u0103 la Pa\u0219cani ar urma s\u0103 fie finalizat anul viitor, \u00een trei etape. Lucr\u0103rile la A7 au \u00eenceput \u00een prim\u0103vara lui 2022, iar tronsonul Buz\u0103u \u2013 Adjud s-a \u00eencheiat \u00een pu\u021bin peste doi ani \u0219i jum\u0103tate.<\/p>\n<p>Proiectul, finan\u021bat prin PNRR, trebuie finalizat p\u00e2n\u0103 \u00een august 2026, cu stadiu avansat spre Bac\u0103u \u0219i Pa\u0219cani.<\/p>","protected":false},"excerpt":{"rendered":"<p>\u201eA\u0219teptarea a luat sf\u00e2r\u0219it! M\u00e2ine, la ora 11.00, se va circula pe segmentul de autostrad\u0103&hellip;<\/p>\n","protected":false},"author":0,"featured_media":53394,"comment_status":"open","ping_status":"open","sticky":false,"template":"","format":"standard","meta":{"footnotes":""},"categories":[2],"tags":[],"class_list":["post-53393","post","type-post","status-publish","format-standard","has-post-thumbnail","hentry","category-actual"],"_links":{"self":[{"href":"https:\/\/247stiri.ro\/index.php\/wp-json\/wp\/v2\/posts\/53393","targetHints":{"allow":["GET"]}}],"collection":[{"href":"https:\/\/247stiri.ro\/index.php\/wp-json\/wp\/v2\/posts"}],"about":[{"href":"https:\/\/247stiri.ro\/index.php\/wp-json\/wp\/v2\/types\/post"}],"replies":[{"embeddable":true,"href":"https:\/\/247stiri.ro\/index.php\/wp-json\/wp\/v2\/comments?post=53393"}],"version-history":[{"count":0,"href":"https:\/\/247stiri.ro\/index.php\/wp-json\/wp\/v2\/posts\/53393\/revisions"}],"wp:featuredmedia":[{"embeddable":true,"href":"https:\/\/247stiri.ro\/index.php\/wp-json\/wp\/v2\/media\/53394"}],"wp:attachment":[{"href":"https:\/\/247stiri.ro\/index.php\/wp-json\/wp\/v2\/media?parent=53393"}],"wp:term":[{"taxonomy":"category","embeddable":true,"href":"https:\/\/247stiri.ro\/index.php\/wp-json\/wp\/v2\/categories?post=53393"},{"taxonomy":"post_tag","embeddable":true,"href":"https:\/\/247stiri.ro\/index.php\/wp-json\/wp\/v2\/tags?post=53393"}],"curies":[{"name":"wp","href":"https:\/\/api.w.org\/{rel}","templated":true}]}}