{"id":53395,"date":"2025-12-22T12:44:52","date_gmt":"2025-12-22T12:44:52","guid":{"rendered":"https:\/\/247stiri.ro\/index.php\/2025\/12\/22\/guvernul-taie-puntea-de-inceput-de-an-iar-romanii-pierd-traditionala-minivacanta-care-sunt-zilele-libere-in-2026\/"},"modified":"2025-12-22T12:44:52","modified_gmt":"2025-12-22T12:44:52","slug":"guvernul-taie-puntea-de-inceput-de-an-iar-romanii-pierd-traditionala-minivacanta-care-sunt-zilele-libere-in-2026","status":"publish","type":"post","link":"https:\/\/247stiri.ro\/index.php\/2025\/12\/22\/guvernul-taie-puntea-de-inceput-de-an-iar-romanii-pierd-traditionala-minivacanta-care-sunt-zilele-libere-in-2026\/","title":{"rendered":"Guvernul taie puntea de \u00eenceput de an, iar rom\u00e2nii pierd tradi\u021bionala minivacan\u021b\u0103. Care sunt zilele libere \u00een 2026"},"content":{"rendered":"<p>\u00cen mod tradi\u021bional, aceast\u0103 perioad\u0103 era transformat\u0103 \u00eentr-o vacan\u021b\u0103 prelungit\u0103, \u00eens\u0103 Guvernul a anun\u021bat c\u0103 \u00een 2026 nu va exista nicio zi suplimentar\u0103 liber\u0103 \u00eentre 2 ianuarie \u0219i Boboteaz\u0103. Surse sus\u021bin c\u0103 premierul Ilie Bolojan s-a opus categoric introducerii unei astfel de pun\u021bi.<\/p>\n<p>Sf\u00e2r\u0219itul unei practici vechi \u00een administra\u021bia public\u0103<\/p>\n<p>Decizia marcheaz\u0103 ruperea unei tradi\u021bii administrative care func\u021biona de ani buni. Ziua de 5 ianuarie, care ar fi legat primele dou\u0103 zile ale Anului Nou (1 \u0219i 2 ianuarie) de Boboteaz\u0103 (6 ianuarie) \u0219i Sf\u00e2ntul Ioan Botez\u0103torul (7 ianuarie), nu va mai fi declarat\u0103 liber\u0103.<\/p>\n<p>Cu alte cuvinte, angaja\u021bii din sectorul public vor fi chema\u021bi la munc\u0103, iar \u00eenceputul de an nu va mai avea forma unei minivacan\u021be compacte, a\u0219a cum s-a \u00eent\u00e2mplat \u00een numeroase r\u00e2nduri \u00een trecut.<\/p>\n<p><a title=\"Cati muncitori straini vor sosi in Romania in 2026. Ministerul Muncii a pregatit actul oficial\" href=\"https:\/\/www.realitatea.net\/stiri\/actual\/cati-muncitori-straini-vor-sosi-in-romania-in-2026-ministerul-muncii-a-pregatit-actul-oficial_69459cf612df423736591215\">C\u00e2\u021bi muncitori str\u0103ini vor sosi \u00een Rom\u00e2nia \u00een 2026. Ministerul Muncii a preg\u0103tit actul oficial<\/a><\/p>\n<p>Context tensionat \u00eentre Guvern \u0219i bugetari<\/p>\n<p>Hot\u0103r\u00e2rea vine \u00eentr-un moment \u00een care rela\u021biile dintre Executiv \u0219i angaja\u021bii din institu\u021biile publice sunt deja marcate de tensiuni. Surse administrative descriu atmosfera drept \u201ela cu\u021bite\u201d, pe fondul unor m\u0103suri adoptate recent de Guvern.<\/p>\n<p>Printre acestea se num\u0103r\u0103:<\/p>\n<p>plafonarea sporurilor,<\/p>\n<p>limitarea unor indemniza\u021bii,<\/p>\n<p>reducerea num\u0103rului de posturi din aparatul public.<\/p>\n<p>Aceste schimb\u0103ri au alimentat nemul\u021bumirea bugetarilor, iar eliminarea pun\u021bii de la \u00eenceputul anului este perceput\u0103 de mul\u021bi ca o nou\u0103 lovitur\u0103.<\/p>\n<p>Ce \u00eenseamn\u0103 pentru rom\u00e2ni calendarul liberelor din 2026<\/p>\n<p>Decizia Guvernului afecteaz\u0103 \u00een special angaja\u021bii care obi\u0219nuiau s\u0103 \u00ee\u0219i planifice concediile \u00een jurul acestor zile libere. F\u0103r\u0103 puntea din 5 ianuarie, perioada dintre Revelion \u0219i s\u0103rb\u0103torile religioase de la \u00eenceputul lunii nu mai poate fi transformat\u0103 \u00eentr-o vacan\u021b\u0103 extins\u0103 f\u0103r\u0103 consum de zile de concediu.<\/p>\n<p>Pentru mul\u021bi rom\u00e2ni, aceast\u0103 schimbare \u00eenseamn\u0103 reorganizarea planurilor de c\u0103l\u0103torie \u0219i renun\u021barea la tradi\u021bia \u00eenceputului de an petrecut \u00een familie sau \u00een sta\u021biuni.<\/p>\n<p>Calendarul complet al zilelor libere \u00een 2026<\/p>\n<p>Pentru anul 2026, rom\u00e2nii vor avea 16 zile libere legale, astfel:<\/p>\n<p>Joi, 1 ianuarie \u2013 Anul NouVineri, 2 ianuarie \u2013 A doua zi de Anul NouMar\u021bi, 6 ianuarie \u2013 S\u0103rb\u0103toarea de Boboteaz\u0103Miercuri, 7 ianuarie \u2013 Sf\u00e2ntul Ioan Botez\u0103torulS\u00e2mb\u0103t\u0103, 24 ianuarie \u2013 Ziua Unirii Principatelor Rom\u00e2neVineri, 10 aprilie \u2013 Vinerea Mare a Pa\u0219teluiDuminic\u0103, 12 aprilie \u2013 Pa\u0219tele OrtodoxLuni, 13 aprilie \u2013 A doua zi de Pa\u0219teVineri, 1 mai \u2013 Ziua MunciiDuminic\u0103, 31 mai \u2013 RusaliileLuni, 1 iunie \u2013 A doua zi de Rusalii \u0219i Ziua CopiluluiS\u00e2mb\u0103t\u0103, 15 august \u2013 Adormirea Maicii DomnuluiLuni, 30 noiembrie \u2013 Sf\u00e2ntul AndreiMar\u021bi, 1 decembrie \u2013 Ziua Na\u021bional\u0103 a Rom\u00e2nieiVineri, 25 decembrie \u2013 Prima zi de Cr\u0103ciunS\u00e2mb\u0103t\u0103, 26 decembrie \u2013 A doua zi de Cr\u0103ciun<\/p>\n<p><a title=\"O noua taxa va fi introdusa de Primaria Capitalei. Neplata acesteia va duce la sanctiuni de pana la 4.000 de lei\" href=\"https:\/\/www.realitatea.net\/stiri\/actual\/o-noua-taxa-va-fi-introdusa-de-primaria-capitalei-neplata-acesteia-va-duce-la-sanctiuni-de-pana-la-4000-de-lei_6945989012df423736591213\">O nou\u0103 tax\u0103 va fi introdus\u0103 de Prim\u0103ria Capitalei. Neplata acesteia va duce la sanc\u021biuni de p\u00e2n\u0103 la 4.000 de lei<\/a><\/p>","protected":false},"excerpt":{"rendered":"<p>\u00cen mod tradi\u021bional, aceast\u0103 perioad\u0103 era transformat\u0103 \u00eentr-o vacan\u021b\u0103 prelungit\u0103, \u00eens\u0103 Guvernul a anun\u021bat c\u0103&hellip;<\/p>\n","protected":false},"author":0,"featured_media":53396,"comment_status":"open","ping_status":"open","sticky":false,"template":"","format":"standard","meta":{"footnotes":""},"categories":[2],"tags":[],"class_list":["post-53395","post","type-post","status-publish","format-standard","has-post-thumbnail","hentry","category-actual"],"_links":{"self":[{"href":"https:\/\/247stiri.ro\/index.php\/wp-json\/wp\/v2\/posts\/53395","targetHints":{"allow":["GET"]}}],"collection":[{"href":"https:\/\/247stiri.ro\/index.php\/wp-json\/wp\/v2\/posts"}],"about":[{"href":"https:\/\/247stiri.ro\/index.php\/wp-json\/wp\/v2\/types\/post"}],"replies":[{"embeddable":true,"href":"https:\/\/247stiri.ro\/index.php\/wp-json\/wp\/v2\/comments?post=53395"}],"version-history":[{"count":0,"href":"https:\/\/247stiri.ro\/index.php\/wp-json\/wp\/v2\/posts\/53395\/revisions"}],"wp:featuredmedia":[{"embeddable":true,"href":"https:\/\/247stiri.ro\/index.php\/wp-json\/wp\/v2\/media\/53396"}],"wp:attachment":[{"href":"https:\/\/247stiri.ro\/index.php\/wp-json\/wp\/v2\/media?parent=53395"}],"wp:term":[{"taxonomy":"category","embeddable":true,"href":"https:\/\/247stiri.ro\/index.php\/wp-json\/wp\/v2\/categories?post=53395"},{"taxonomy":"post_tag","embeddable":true,"href":"https:\/\/247stiri.ro\/index.php\/wp-json\/wp\/v2\/tags?post=53395"}],"curies":[{"name":"wp","href":"https:\/\/api.w.org\/{rel}","templated":true}]}}